    
{"id":19827,"date":"2018-10-01T10:42:46","date_gmt":"2018-10-01T08:42:46","guid":{"rendered":"https:\/\/www.praha7.cz\/?p=19827"},"modified":"2018-10-01T10:42:46","modified_gmt":"2018-10-01T08:42:46","slug":"lavka-do-troji-bude-sirsi","status":"publish","type":"post","link":"https:\/\/www.praha7.cz\/lavka-do-troji-bude-sirsi\/","title":{"rendered":"L\u00e1vka do Troji bude \u0161ir\u0161\u00ed"},"content":{"rendered":"<p>[perex]<\/p>\r\n<p>M\u011bstsk\u00e1 \u010d\u00e1st Praha&nbsp;7 svolala na pond\u011bl\u00ed 1.&nbsp;\u0159\u00edjna jedn\u00e1n\u00ed o&nbsp;l\u00e1vce, kter\u00e1 m\u00e1 vzniknout jako n\u00e1hrada za loni z\u0159\u00edcenou l\u00e1vku do Troji. \u00da\u010dastn\u00edci jedn\u00e1n\u00ed se shodli na tom, \u017ee l\u00e1vka m\u00e1 b\u00fdt minim\u00e1ln\u011b 4 metry \u0161irok\u00e1.<\/p>\r\n<p>[\/perex]<\/p>\r\n<p>Jedn\u00e1n\u00ed na \u00da\u0159ad\u011b M\u010c Praha&nbsp;7 se z\u00fa\u010dastnili starosta sedm\u00e9 m\u011bstsk\u00e9 \u010d\u00e1sti Jan \u010ci\u017einsk\u00fd, m\u00edstostarosta Ond\u0159ej Mirovsk\u00fd, n\u00e1m\u011bstek prim\u00e1torky hl. m. Prahy Petr Dol\u00ednek, z\u00e1stupci M\u010c Praha &#8211; Troja, Odboru dopravy Prahy&nbsp;7, projektanta a&nbsp;investora.<\/p>\r\n<p>Odbor dopravy Prahy&nbsp;7 ve druh\u00e9 polovin\u011b z\u00e1\u0159\u00ed zam\u00edtl v\u00fdstavbu l\u00e1vky 3,5&nbsp;m \u0161irok\u00e9 z\u00a0d\u016fvodu jej\u00ed nedostate\u010dn\u00e9 \u0161\u00ed\u0159e.<\/p>\r\n<p><em>\u201eJsem velmi r\u00e1d, \u017ee do\u0161lo k\u00a0rychl\u00e9 dohod\u011b, kter\u00e1 zabr\u00e1n\u00ed pr\u016ftah\u016fm a&nbsp;umo\u017en\u00ed postavit bezpe\u010dnou l\u00e1vku, na kter\u00e9 se vyhnou p\u011b\u0161\u00ed, cyklist\u00e9 i&nbsp;rodi\u010de s\u00a0ko\u010d\u00e1rky,\u201c<\/em> uvedl <em><strong>starosta Prahy&nbsp;7 Jan \u010ci\u017einsk\u00fd<\/strong><\/em>.<\/p>\r\n<p><em>\u201eSpojen\u00ed z&nbsp;Prahy&nbsp;7 do ZOO, Botanick\u00e9 zahrady \u010di napojen\u00ed na m\u00edstn\u00ed cyklotrasy d\u011bl\u00e1 z\u00a0dan\u00e9 oblasti frekventovan\u00e9 m\u00edsto. Nen\u00ed mo\u017en\u00e9, aby zde vznikla l\u00e1vka u\u017e\u0161\u00ed ne\u017e 4 metry. Je velice d\u016fle\u017eit\u00e9, \u017ee se na roz\u0161\u00ed\u0159en\u00ed pl\u00e1novan\u00e9 l\u00e1vky poda\u0159ilo dohodnout,\u201c<\/em> uvedl <em><strong>m\u00edstostarosta Prahy&nbsp;7 Ond\u0159ej Mirovsk\u00fd<\/strong><\/em>.<\/p>","protected":false},"excerpt":{"rendered":"[perex] M\u011bstsk\u00e1 \u010d\u00e1st Praha&nbsp;7 svolala na pond\u011bl\u00ed 1.&nbsp;\u0159\u00edjna jedn\u00e1n\u00ed o&nbsp;l\u00e1vce, kter\u00e1 m\u00e1 vzniknout jako n\u00e1hrada za loni z\u0159\u00edcenou l\u00e1vku do Troji. \u00da\u010dastn\u00edci jedn\u00e1n\u00ed se shodli na tom, \u017ee l\u00e1vka m\u00e1 b\u00fdt minim\u00e1ln\u011b 4 metry \u0161irok\u00e1. [\/perex] Jedn\u00e1n\u00ed na \u00da\u0159ad\u011b M\u010c Praha&nbsp;7 se z\u00fa\u010dastnili starosta sedm\u00e9 m\u011bstsk\u00e9 \u010d\u00e1sti Jan \u010ci\u017einsk\u00fd, m\u00edstostarosta Ond\u0159ej Mirovsk\u00fd, n\u00e1m\u011bstek prim\u00e1torky hl. [&hellip;]","protected":false},"author":5,"featured_media":19829,"comment_status":"closed","ping_status":"open","sticky":false,"template":"","format":"standard","meta":[],"categories":[34,74],"tags":[],"_links":{"self":[{"href":"https:\/\/www.praha7.cz\/api\/wp\/v2\/posts\/19827"}],"collection":[{"href":"https:\/\/www.praha7.cz\/api\/wp\/v2\/posts"}],"about":[{"href":"https:\/\/www.praha7.cz\/api\/wp\/v2\/types\/post"}],"author":[{"embeddable":true,"href":"https:\/\/www.praha7.cz\/api\/wp\/v2\/users\/5"}],"replies":[{"embeddable":true,"href":"https:\/\/www.praha7.cz\/api\/wp\/v2\/comments?post=19827"}],"version-history":[{"count":1,"href":"https:\/\/www.praha7.cz\/api\/wp\/v2\/posts\/19827\/revisions"}],"predecessor-version":[{"id":19830,"href":"https:\/\/www.praha7.cz\/api\/wp\/v2\/posts\/19827\/revisions\/19830"}],"wp:featuredmedia":[{"embeddable":true,"href":"https:\/\/www.praha7.cz\/api\/wp\/v2\/media\/19829"}],"wp:attachment":[{"href":"https:\/\/www.praha7.cz\/api\/wp\/v2\/media?parent=19827"}],"wp:term":[{"taxonomy":"category","embeddable":true,"href":"https:\/\/www.praha7.cz\/api\/wp\/v2\/categories?post=19827"},{"taxonomy":"post_tag","embeddable":true,"href":"https:\/\/www.praha7.cz\/api\/wp\/v2\/tags?post=19827"}],"curies":[{"name":"wp","href":"https:\/\/api.w.org\/{rel}","templated":true}]}}