    
{"id":19621,"date":"2018-09-25T14:23:11","date_gmt":"2018-09-25T12:23:11","guid":{"rendered":"https:\/\/www.praha7.cz\/?p=19621"},"modified":"2018-09-25T15:23:19","modified_gmt":"2018-09-25T13:23:19","slug":"kral-vzduchu-z-veletrzni","status":"publish","type":"post","link":"https:\/\/www.praha7.cz\/kral-vzduchu-z-veletrzni\/","title":{"rendered":"Kr\u00e1l vzduchu z&nbsp;Veletr\u017en\u00ed"},"content":{"rendered":"<p>[perex]<\/p>\r\n<p>Vid\u011bl zem\u011bkouli tak jako jen hrstka lid\u00ed na planet\u011b. Ve t\u0159in\u00e1cti se d\u00edky Juriji Gagarinovi nadchl pro kosmonautiku a&nbsp;p\u0159ed \u010dty\u0159iceti lety str\u00e1vil sedm dn\u00ed na ob\u011b\u017en\u00e9 dr\u00e1ze. Stal se tak prvn\u00edm evropsk\u00fdm kosmonautem. \u010cerstv\u00fd sedmdes\u00e1tn\u00edk Vladim\u00edr Remek se tak\u00e9 zaslou\u017eil o&nbsp;to, \u017ee \u010d\u00e1st Agentury pro evropsk\u00fd dru\u017eicov\u00fd syst\u00e9m s\u00eddl\u00ed pr\u00e1v\u011b na Sedmi\u010dce. Potkali jsme se symbolicky v\u00a0kav\u00e1rn\u011b Lajka.<\/p>\r\n<p>[\/perex]<\/p>\r\n<p><strong>Kouk\u00e1te se \u010dasto na oblohu?<\/strong><br \/>\r\n No posledn\u00ed dobou v\u00edc, znovu m\u011b to za\u010dalo zaj\u00edmat. Dlouhou dobu jsem byl hodn\u011b pracovn\u011b zanepr\u00e1zdn\u011bn, ale te\u010f m\u00e1m v\u00edce \u010dasu. Nikdy jsem nebyl astronom, ale n\u011bjak\u00e1 souhv\u011bzd\u00ed si pamatuji. Ned\u00e1vno byl velmi dob\u0159e pozorovateln\u00fd \u00fapln\u011bk a&nbsp;i&nbsp;te\u010f je pom\u011brn\u011b jasn\u00e9 nebe, tak se mi ob\u010das ty o\u010di zatoulaj\u00ed.<\/p>\r\n<p><strong>Na co p\u0159itom mysl\u00edte, vzpom\u00edn\u00e1te?<\/strong><br \/>\r\n Ne, to v\u011bt\u0161inou ne. To sp\u00ed\u0161 te\u010f, kdy\u017e bylo to \u010dty\u0159ic\u00e1t\u00e9 v\u00fdro\u010d\u00ed, tak mi to lid\u00e9 p\u0159ipom\u00ednali. \u010clov\u011bk p\u0159ece nem\u016f\u017ee po\u0159\u00e1d myslet na minulost. Samoz\u0159ejm\u011b, \u017ee \u017eiji s\u00a0ur\u010dit\u00fdm pocitem hrdosti a&nbsp;s\u00a0t\u00edm, \u017ee jsem dostal mimo\u0159\u00e1dnou p\u0159\u00edle\u017eitost. J\u00e1 jsem ale v\u011bt\u0161inou \u017eil v\u00a0budoucnosti, to a\u017e te\u010f, kdy\u017e jsem v\u00a0penzi a&nbsp;je mi sedmdes\u00e1t, tak si i&nbsp;zavzpom\u00edn\u00e1m. Mysl\u00edm na leccos a&nbsp;taky kouk\u00e1m na nebe, ale ne tady v\u00a0Praze, ale v\u00a0domku, kter\u00fd m\u00e1me za Prahou.<\/p>\r\n<p><strong>Hodn\u011b lid\u00ed si st\u011b\u017euje na sv\u011bteln\u00fd smog ve m\u011bstech. Jak to vn\u00edm\u00e1te vy?<\/strong><br \/>\r\n Probl\u00e9m s\u00a0t\u00edm maj\u00ed v\u011bt\u0161inov\u011b hv\u011bzd\u00e1\u0159i, t\u0159eba v&nbsp;brn\u011bnsk\u00e9m planet\u00e1riu kdy\u017e cht\u011bj\u00ed d\u011blat pozorov\u00e1n\u00ed, tak mus\u00ed vyjet mimo Brno. Mn\u011b to up\u0159\u00edmn\u011b nevad\u00ed, naopak m\u00e1m sv\u00fdm zp\u016fsobem sv\u011btlo r\u00e1d. J\u00e1 pamatuju je\u0161t\u011b dobu, kdy jsem jako mal\u00fd jezdil v\u00a0pades\u00e1t\u00fdch letech za p\u0159\u00edbuzn\u00fdmi do vesnice na Novohradsku, kde nebyla zaveden\u00e1 elekt\u0159ina. Lidi odtud jezdili za prac\u00ed do \u010cesk\u00fdch Bud\u011bjovic. Vzpom\u00edn\u00e1m si, jak se chodilo hrozn\u011b brzy r\u00e1no na vlak, nikde \u017e\u00e1dn\u00e9 pouli\u010dn\u00ed lampy, \u0161li jsme po cest\u011b, kter\u00e1 ani nebyla asfaltov\u00e1. Cesta na n\u00e1dra\u017e\u00ed trvala asi t\u0159i \u010dtvrt\u011b hodiny a&nbsp;ti sta\u0159\u00ed mi \u0159\u00edkali: \u201eV\u00ed\u0161, jak se v\u00a0noci dr\u017e\u00ed sm\u011br? D\u00edvej se nahoru, proto\u017ee nad cestou nejdou v\u011btve \u00fapln\u011b k\u00a0sob\u011b a&nbsp;ty vid\u00ed\u0161 hv\u011bzdnou oblohu a&nbsp;v\u00ed\u0161, kam m\u00e1\u0161 j\u00edt.\u201c Hor\u0161\u00ed samoz\u0159ejm\u011b bylo, kdy\u017e bylo zata\u017eeno nebo padal sn\u00edh (sm\u00edch). Jsem tak\u00e9 b\u00fdval\u00fd letec, a&nbsp;kdyby se nesv\u00edtilo, tak se p\u0159i no\u010dn\u00edm l\u00e9t\u00e1n\u00ed nem\u00e1te podle \u010deho orientovat. Mimochodem na osv\u011btlen\u00e1 m\u011bsta je velmi hezk\u00fd pohled i&nbsp;z\u00a0t\u00e9 ob\u011b\u017en\u00e9 dr\u00e1hy. Hned pozn\u00e1te, kdy\u017e t\u0159eba let\u00edte nad Evropou, je to prost\u011b velmi zaj\u00edmav\u00e9 a&nbsp;p\u016fsobiv\u00e9.<\/p>\r\n<p><strong>\u010c\u00edm jste cht\u011bl b\u00fdt jako mal\u00fd kluk?<\/strong><br \/>\r\n M\u011bl jsem obdob\u00ed, kdy jsem p\u0159em\u00fd\u0161lel o&nbsp;kari\u00e9\u0159e prodava\u010de v&nbsp;akvaristick\u00e9 prodejn\u011b, abych m\u011bl bl\u00edzko k\u00a0rybi\u010dk\u00e1m (sm\u00edch). V\u00a0\u017eivot\u011b jsem m\u011bl ale nesm\u00edrn\u00e9 \u0161t\u011bst\u00ed, narodil jsem se do spr\u00e1vn\u00e9 chv\u00edle a&nbsp;m\u00ed rodi\u010de ud\u011blali spr\u00e1vn\u00e1 rozhodnut\u00ed. Kdy\u017e mi bylo dev\u011bt let, bydleli jsme v&nbsp;\u010cesk\u00fdch Bud\u011bjovic\u00edch a&nbsp;4.&nbsp;\u0159\u00edjna 1957 startoval prvn\u00ed sputnik. Dneska se to u\u017e t\u011b\u017eko vysv\u011btluje, ale tehdy v\u00a0r\u00e1diu hl\u00e1sili, a\u0165 se jdou lidi ve\u010der v\u00a0tolik a&nbsp;v\u00a0tolik hodin pod\u00edvat na jihoz\u00e1padn\u00ed obzor, kde maj\u00ed \u0161anci ten sputnik vid\u011bt. Lidi chodili masov\u011b ven a&nbsp;d\u00edvali se na pohybuj\u00edc\u00ed se sv\u00edt\u00edc\u00ed te\u010dku, kter\u00e1 m\u011bnila intenzitu. Posl\u00e9ze n\u011bkdo prohl\u00e1sil, \u017ee to nebyl sputnik, ale t\u0159et\u00ed stupe\u0148 rakety, nebo\u0165 sputnik byl tak mal\u00fd, \u017ee nemohl b\u00fdt vid\u011bt. To ale nebylo d\u016fle\u017eit\u00e9, lidi prost\u011b vid\u011bli te\u010di\u010dku a&nbsp;byli \u0161\u0165astn\u00ed.<\/p>\r\n<p><strong>Taky jste se \u0161el tehdy d\u00edvat?<\/strong><br \/>\r\n Samoz\u0159ejm\u011b. Zanechalo to ve mn\u011b hlubok\u00fd dojem, v\u0161ude se o&nbsp;tom mluvilo, byl to nesm\u00edrn\u00fd z\u00e1\u017eitek. Za\u010dal jsem si o&nbsp;t\u011bch v\u011bcech v\u00edc \u010d\u00edst. Za necel\u00e9 \u010dty\u0159i roky, 12.&nbsp;dubna 1961, pak startoval Jurij Gagarin a&nbsp;ta zpr\u00e1va oblet\u011bla cel\u00fd sv\u011bt. Tehdy jsme u\u017e bydleli v\u00a0Brn\u011b a&nbsp;j\u00e1 si p\u0159esn\u011b pamatuju ten moment, kdy jsem se o&nbsp;letu dozv\u011bd\u011bl ze \u0161koln\u00edho rozhlasu. Tehdy jsem si \u0159\u00edkal: Kruci, to by bylo fajn, b\u00fdt kosmonautem. Chodil jsem na astronomick\u00fd krou\u017eek a&nbsp;s\u00a0kamar\u00e1dem jsme vyr\u00e1b\u011bli maketky letadel a&nbsp;raketek.<br \/>\r\n <br \/>\r\n <strong>To v\u00e1m bylo 13\u2026<\/strong><br \/>\r\n Ano, a&nbsp;m\u011bl jsem samoz\u0159ejm\u011b zcela naivn\u00ed p\u0159edstavy sp\u00ed\u0161e o&nbsp;n\u011bjak\u00e9m dobrodru\u017estv\u00ed, ne\u017e co to re\u00e1ln\u011b znamen\u00e1. Ka\u017edop\u00e1dn\u011b jsem v\u011bd\u011bl, \u017ee prvn\u00ed kosmonauti byli vyb\u00edr\u00e1ni z\u00a0\u0159ad vojensk\u00fdch st\u00edhac\u00edch pilot\u016f. No a&nbsp;m\u016fj t\u00e1ta byl taky pilot, a&nbsp;tak jsem se v\u00a017 letech p\u0159ihl\u00e1sil do leteck\u00e9ho u\u010dili\u0161t\u011b v\u00a0Ko\u0161ic\u00edch, absolvoval a&nbsp;v\u011b\u0159il, \u017ee by to mohla b\u00fdt cesta ke kosmonautice. Rodi\u010de m\u011b dali do prvn\u00ed t\u0159\u00eddy v\u00a0necel\u00fdch \u0161esti letech, tak\u017ee jsem se v\u00a0roce 1969 stal nejmlad\u0161\u00edm \u010deskoslovensk\u00fdm pilotem Migu 21. Kdy\u017e jsem pak slou\u017eil u&nbsp;st\u00edhac\u00edho leteck\u00e9ho pluku v\u00a0\u010cesk\u00fdch Bud\u011bjovic\u00edch, z\u00edskal jsem mo\u017enost studovat na vojensk\u00e9 leteck\u00e9 akademii v\u00a0Moninu v\u00a0Sov\u011btsk\u00e9m svazu, kter\u00e1 byla nedaleko Hv\u011bzdn\u00e9ho m\u011bste\u010dka. \u0158\u00edkal jsem si, \u017ee se zdokonal\u00edm v\u00a0ru\u0161tin\u011b, a&nbsp;p\u0159edpokl\u00e1dal jsem, \u017ee se tam budeme u\u010dit i&nbsp;n\u011bjak\u00e9 v\u011bci, kter\u00e9 by se mi mohly hodit, kdyby se ten v\u00fdb\u011br konal. Tak\u017ee to u\u017e bylo dost c\u00edlev\u011bdom\u00e9 rozhodnut\u00ed, i&nbsp;kdy\u017e jsem nemohl v\u011bd\u011bt, \u017ee to tak nakonec dopadne\u2026 P\u0159esn\u011b m\u011bs\u00edc po ukon\u010den\u00ed akademie v\u00a0roce 1976 n\u00e1m ale Sov\u011btsk\u00fd svaz nab\u00eddl \u00fa\u010dast na pilotovan\u00fdch letech Interkosmu. V\u0161ech p\u011bt, kte\u0159\u00ed jsme ten rok absolvovali, se do toho v\u00fdb\u011bru dostalo a&nbsp;z\u00a0nich vybrali m\u011b a&nbsp;Oldu Pel\u010d\u00e1ka. J\u00e1 jsem m\u011bl pak to \u0161t\u011bst\u00ed, \u017ee jsem let\u011bl. <br \/>\r\n <br \/>\r\n <strong>Vy jste ale tomu \u0161t\u011bst\u00ed \u0161el hodn\u011b vst\u0159\u00edc, v\u0161ak jste se u\u017e od t\u0159in\u00e1cti regul\u00e9rn\u011b p\u0159ipravoval\u2026<\/strong><br \/>\r\n No dob\u0159e, ale stejn\u011b to byla n\u00e1hoda. Dneska je to jinak, dneska m\u00e1 mo\u017enost pod\u00edvat se do vesm\u00edru daleko \u0161ir\u0161\u00ed \u0161k\u00e1la profes\u00ed ne\u017e jen profesion\u00e1ln\u00ed piloti. <br \/>\r\n <br \/>\r\n <strong>Rozhodnut\u00ed, \u017ee Sojuz 28 vynese do vesm\u00edru pr\u00e1v\u011b v\u00e1s spolu s&nbsp;Gubarevem, jste se dozv\u011bd\u011bl jen den p\u0159ed startem. Jak jste se c\u00edtil, kdy\u017e v\u00e1m tehdy \u0159ekli, \u017ee to budete pr\u00e1v\u011b vy?<\/strong><br \/>\r\n No j\u00e1 jsem to moc cht\u011bl, v\u0161ak to byl m\u016fj sen od ran\u00e9ho ml\u00e1d\u00ed. Bylo mi tehdy necel\u00fdch 30 let a&nbsp;myslel jsem si, \u017ee jsem kr\u00e1l vzduchu a&nbsp;p\u0159ilehl\u00e9ho okol\u00ed (sm\u00edch). N\u011bkte\u0159\u00ed lid\u00e9 jsou vysp\u011blej\u0161\u00ed ve t\u0159iceti, n\u011bkte\u0159\u00ed nedosp\u011bj\u00ed ani v\u00a0sedmdes\u00e1ti, j\u00e1 jsem byl asi v\u00edcem\u00e9n\u011b norm\u00e1ln\u00ed. Ale zkr\u00e1tka a&nbsp;dob\u0159e d\u011blal jsem v\u0161echno pro to, abych usp\u011bl a&nbsp;uk\u00e1zal, co je ve mn\u011b nejlep\u0161\u00ed. Bavilo m\u011b to, studoval jsem a&nbsp;d\u00e1val jsem tomu opravdu v\u0161echno. \u0160est let jsem \u017eil v\u00a0omezen\u00e9m prostoru akademie, kde jsme m\u011bli pom\u011brn\u011b p\u0159\u00edsn\u00fd re\u017eim, skoro jako voj\u00e1ci. \u017dil jsem na svobod\u00e1rn\u011b, kam jsem si nap\u0159\u00edklad nemohl p\u0159iv\u00e9st n\u00e1v\u0161t\u011bvu, nato\u017epak d\u00e1mskou.<\/p>\r\n<p><strong>M\u011bl jste tehdy sle\u010dnu?<\/strong><br \/>\r\n Ne, st\u00e1lou p\u0159\u00edtelkyni jsem tou dobou nem\u011bl.<\/p>\r\n<p><strong>Tak\u017ee tam nebylo ani zrnko pochybnosti, strachu?<\/strong><br \/>\r\n J\u00e1 jsem to bral tak, \u017ee je to norm\u00e1ln\u00ed, \u017ee jsem dobrej. Z\u00e1rove\u0148 to nebylo \u00fapln\u011b jasn\u00e9, a\u017e do chv\u00edle ne\u017e jsme opravdu odstartovali. Sta\u010dilo, aby mi vysko\u010dil opar, a&nbsp;nelet\u011bl bych, tak\u017ee ta jistota nastane, a\u017e kdy\u017e jste tam. No a&nbsp;jestli \u010dlov\u011bk pro\u017e\u00edv\u00e1 strach? V\u00edte, pokud n\u011bkdo z\u00a0dosp\u011bl\u00fdch \u0159\u00edk\u00e1, \u017ee nepro\u017e\u00edv\u00e1 strach, tak bu\u010fto nen\u00ed norm\u00e1ln\u00ed, nebo ne\u0159\u00edk\u00e1 pravdu. Zejm\u00e9na ti, kte\u0159\u00ed maj\u00ed d\u011bti, v\u011bd\u00ed, co je to strach. J\u00e1 jsem d\u011bti nem\u011bl, ale stejn\u011b jsem pro\u017e\u00edval n\u011bco, \u010demu se d\u00e1 \u0159\u00edct obavy z\u00a0v\u00fdsledk\u016f, a&nbsp;samoz\u0159ejm\u011b adrenalin. Nejvypjat\u011bj\u0161\u00ed byly okam\u017eiky p\u0159ed samotn\u00fdm startem.<\/p>\r\n<p><strong>Jak to vlastn\u011b tehdy nesl Old\u0159ich Pel\u010d\u00e1k \u2013 v\u00e1\u0161 konkurent? Poznamenalo to n\u011bjak v\u00e1\u0161 vztah, nebo jste p\u0159\u00e1tel\u00e9?<br \/>\r\n <\/strong>J\u00e1 mysl\u00edm, \u017ee jsme. Nem\u016f\u017eu \u0159\u00edct, \u017ee bychom se pravideln\u011b nav\u0161t\u011bvovali, ale potk\u00e1v\u00e1me se. Naposledy jsme se vid\u011bli v\u00a0Brn\u011b p\u0159i tom 40.&nbsp;v\u00fdro\u010d\u00ed. M\u00e1me po\u0159\u00e1d p\u0159ehled, co se d\u011bje s\u00a0rodinami, co d\u011blaj\u00ed d\u011bti a&nbsp;tak d\u00e1le. My jsme se s\u00a0Oldou toti\u017e znali d\u00e1vno p\u0159edt\u00edm, ne\u017e jsme p\u0159i\u0161li do Hv\u011bzdn\u00e9ho m\u011bste\u010dka \u2013studovali jsme spolu \u010dty\u0159i roky na akademii, kde jsme se velice dob\u0159e poznali. Poprv\u00e9 jsme se potkali v\u00a0roce 1970 u&nbsp;v\u00fdcvikov\u00e9 letky v\u00a0\u017datci, tak\u017ee se zn\u00e1me skoro pades\u00e1t let a&nbsp;m\u00e1me za sebou spoustu spole\u010dn\u00fdch z\u00e1\u017eitk\u016f. Z&nbsp;t\u00e9 \u010desk\u00e9 p\u011btice, kter\u00e1 v\u00a0roce \u201976 absolvovala akademii v\u00a0Moninu, jsme ale z\u016fstali u\u017e jen my dva, t\u0159i dal\u0161\u00ed ode\u0161li p\u0159ed\u010dasn\u011b.<\/p>\r\n<p><strong>Zd\u00e1lo se v\u00e1m o&nbsp;vesm\u00edru p\u0159ed tou cestou a&nbsp;po n\u00ed?<\/strong><br \/>\r\n To je dobr\u00e1 ot\u00e1zka. P\u0159ed letem se mi p\u0159\u00edmo o&nbsp;vesm\u00edru nezd\u00e1lo. Ale m\u00edval jsem sny, \u017ee l\u00e9t\u00e1m \u2013 sta\u010d\u00ed se jen lehce rozeb\u011bhnout a&nbsp;vznesu se. Pravdou je, \u017ee kdy\u017e jsem se dostal do bezt\u00ed\u017en\u00e9ho stavu, tak ten pocit byl podobn\u00fd, jako kdy\u017e se vzn\u00e1\u0161\u00edte. M\u011bl jsem dojem, \u017ee u\u017e jsem to za\u017eil. Kdy\u017e jsem o&nbsp;tom p\u0159em\u00fd\u0161lel, napadlo m\u011b, \u017ee je to pravd\u011bpodobn\u011b spojen\u00e9 s\u00a0na\u0161\u00ed nejstar\u0161\u00ed zku\u0161enost\u00ed v\u00a0d\u011bloze \u2013 i&nbsp;tam se de facto vzn\u00e1\u0161\u00edme.<\/p>\r\n<p><strong>Pr\u00fd jste se b\u011bhem v\u00fdcviku u\u010dili ovl\u00e1dat i&nbsp;zubn\u00ed vrta\u010dku? Stal jste se zuba\u0159em ve vesm\u00edru?<\/strong><br \/>\r\n To byla jen takov\u00e1 epizoda. V\u00a0tu dobu byli ve vesm\u00edru dva kosmonauti, Jurij Roman\u011bnko a&nbsp;Georgij Gre\u010dko, a&nbsp;oba si tehdy st\u011b\u017eovali na bolesti zub\u016f. Sice na lodi m\u00e1te z\u00e1sobu ur\u010dit\u00fdch pr\u00e1\u0161k\u016f proti bolesti, ale pro jistotu n\u00e1m ud\u011blali i&nbsp;zuba\u0159sk\u00fd rychlokurz. Nau\u010dili n\u00e1s pracovat s\u00a0vrta\u010dkou, ale \u017e\u00e1dn\u00fd zub jsme v\u00a0re\u00e1lu nevrtali. Kdy\u017e se kolegov\u00e9 dozv\u011bd\u011bli, \u017ee nejsme profes\u00ed zuba\u0159i, rad\u0161i to zapla\u0161ili t\u011bmi pr\u00e1\u0161ky (sm\u00edch).<\/p>\r\n<p><strong>P\u0159ivezl jste si z\u00a0vesm\u00edru n\u011bjak\u00fd suven\u00fdr?<\/strong><br \/>\r\n Ano, ale nem\u00e1m to doma, ty nejd\u016fle\u017eit\u011bj\u0161\u00ed v\u011bci m\u00e1m v\u00a0sejfu v\u00a0bance. Z\u016fstaly mi na pam\u00e1tku nap\u0159\u00edklad hodinky. Nen\u00ed na nich sice nic tak mimo\u0159\u00e1dn\u00e9ho, jen jsou spojen\u00e9 s\u00a0t\u00edm letem. J\u00e1 m\u00e1m hodinky moc r\u00e1d, m\u00e1m vlastn\u011b malou sb\u00edrku p\u0159ev\u00e1\u017en\u011b n\u00e1ramkov\u00fdch hodinek. Doned\u00e1vna jsem m\u011bl i&nbsp;takov\u00fd jakoby n\u00e1hradn\u00ed od\u011bv a&nbsp;taky takovou \u010depi\u010dku, kterou jsme m\u011bli pro p\u0159\u00edpad p\u0159ist\u00e1n\u00ed n\u011bkde mimo civilizaci a&nbsp;p\u0159i chladu. Ob\u010das jsem si ji jen tak z\u00a0hecu vzal, to u\u017e je asi t\u0159icet let. Man\u017eelka ale jednoho kr\u00e1sn\u00e9ho dne usoudila, \u017ee by pot\u0159ebovala vyprat. Hodila to do pra\u010dky, ale vln\u011bn\u00e1 \u010depi\u010dka se srazila, tak\u017ee te\u010f u\u017e nen\u00ed ani na panenku, ani na medv\u00eddka.<\/p>\r\n<p><strong>\u00dadajn\u011b jste b\u011bhem letu poru\u0161oval doporu\u010den\u00fd sp\u00e1nkov\u00fd re\u017eim a&nbsp;kochal se pohledem na Zemi.<\/strong><br \/>\r\n \u017de bych v\u016fbec nespal, to zas ne, ale posledn\u00ed noc p\u0159ed n\u00e1vratem jsme probd\u011bli. Jinak jsem spal v\u00a0pr\u016fm\u011bru asi 4 hodiny a&nbsp;opravdu to bylo tak, \u017ee jsem se cht\u011bl d\u00edvat. Proto\u017ee kdybych chodil sp\u00e1t podle denn\u00edho \u0159\u00e1du, byl bych 8 hodin odpojen\u00fd od vn\u011bj\u0161\u00edho sv\u011bta \u2013 8 hodin je t\u0159etina dne, tak\u017ee p\u0159ibli\u017en\u011b t\u0159etinu zemsk\u00e9ho povrchu od zhruba n\u011bjak\u00e9ho 52.&nbsp;stupn\u011b severn\u00ed a&nbsp;ji\u017en\u00ed \u0161\u00ed\u0159ky bych prost\u011b nevid\u011bl.<\/p>\r\n<p><strong>Co zaj\u00edmav\u00e9ho jste vid\u011bl?<\/strong><br \/>\r\n Vid\u011bl jsem \u00fa\u017easn\u00e9 v\u011bci. T\u0159eba jezera na severoamerick\u00e9m kontinentu, kde pr\u00e1v\u011b za\u010daly praskat ledy. Nebo jak pod n\u00e1mi \u201eprojel\u201c meteor, a&nbsp;to n\u011bkolikr\u00e1t. N\u011bkter\u00e9 momenty mi obzvl\u00e1\u0161\u0165 utkv\u011bly v&nbsp;pam\u011bti. T\u0159eba kdy\u017e jsem byl v\u00a0bezt\u00ed\u017en\u00e9m stavu natolik uvoln\u011bn\u00fd, \u017ee jsem vn\u00edmal pulz vlastn\u00edho srdce, zd\u00e1lo se mi, jako by nepatrn\u011b pulzovalo cel\u00fdm m\u00fdm t\u011blem. Byl to unik\u00e1tn\u00ed moment, kdy jsem si ten bezt\u00ed\u017en\u00fd stav uv\u011bdomoval v\u00a0pln\u00e9 par\u00e1d\u011b, co\u017e na Zemi nem\u00e1te nikdy \u0161anci za\u017e\u00edt. Taky jsem si tam tehdy \u0159\u00edkal, \u017ee by m\u011b zaj\u00edmalo, co budu d\u011blat za 10, 20, 30, 40 let. Kladl jsem si ot\u00e1zky, zda budu m\u00edt rodinu, co budu d\u011blat, jestli se je\u0161t\u011b n\u011bkdy dostanu do vesm\u00edru, a&nbsp;podobn\u011b. Ale do vesm\u00edru jsem se u\u017e nikdy nepod\u00edval.<\/p>\r\n<p><strong>Zato jste se p\u0159est\u011bhoval na Sedmi\u010dku. Jak se v\u00e1m tady \u017eije?<\/strong><br \/>\r\n My tady bydl\u00edme u\u017e 34 let. Nen\u00ed to daleko do centra, z\u00e1rove\u0148 to m\u00e1me bl\u00edzko do Stromovky. Jsme tu velmi r\u00e1di.<\/p>\r\n<p><strong>Je n\u011bco, co v\u00e1s tady \u0161tve?<\/strong><br \/>\r\n N\u011bkter\u00e9 v\u011bci se dlouho t\u00e1hnou, t\u0159eba Bubny, prostor, kter\u00fd vlastn\u011b d\u011bl\u00ed Prahu 7 na dv\u011b \u010d\u00e1sti. P\u0159itom je to do Hole\u0161ovic nedaleko, ale pokud nechcete riskovat a&nbsp;poru\u0161ovat pravidla, tak mus\u00edte to koleji\u0161t\u011b obch\u00e1zet, p\u0159itom je to kousek. To m\u011b t\u0159eba mrz\u00ed. Jsem zv\u011bdav\u00fd, jestli se v\u00fdstavby v\u00a0t\u00e9to oblasti do\u017eiju.<\/p>\r\n<p><strong>Kdy\u017e jsme u&nbsp;t\u011bch nep\u0159irozen\u00fdch hranic \u2013 v&nbsp;jednom rozhovoru jste \u0159ekl, \u017ee z&nbsp;vesm\u00edru vid\u00edte jen p\u0159irozen\u00e9 hranice, tak\u017ee si uv\u011bdom\u00edte, \u017ee ty ostatn\u00ed jsou jen v\u00fdmyslem lid\u00ed. Odrazilo se tohle pozn\u00e1n\u00ed n\u011bjak ve va\u0161\u00ed pozd\u011bj\u0161\u00ed politick\u00e9 kari\u00e9\u0159e?<\/strong><br \/>\r\n Z&nbsp;vesm\u00edru opravdu nen\u00ed vid\u011bt nic jin\u00e9ho ne\u017e p\u0159irozen\u00e9 hranice. Neexistuj\u00ed ale jen hranice mezi st\u00e1ty, ale mezi skupinami lid\u00ed ve spole\u010dnosti. Mo\u017en\u00e1 jsou ty hranice mnohem komplikovan\u011bj\u0161\u00ed mezi bohat\u00fdm severem a&nbsp;chud\u00fdm jihem a&nbsp;tyhle probl\u00e9my nejde \u0159e\u0161it jednoduch\u00fdmi zp\u016fsoby. V\u0161echny ty hranice ale vytvo\u0159il \u010dlov\u011bk a&nbsp;je jenom na n\u011bm, aby v\u00a0nich pokra\u010doval, nebo se je pokusil eliminovat. V\u00a0\u0159ad\u011b p\u0159\u00edpad\u016f se to da\u0159\u00ed, t\u0159eba pr\u00e1v\u011b v\u00a0oblasti letectv\u00ed a&nbsp;kosmonautiky, kde se ty hranice rozpou\u0161t\u011bj\u00ed.\u00a0<\/p>\r\n<p><strong>V\u00a0necel\u00fdch t\u0159iceti letech jste si splnil svou nejv\u011bt\u0161\u00ed metu. Neza\u017eil jste potom n\u011bjakou frustraci?<\/strong><br \/>\r\n Ne\u0159\u00edk\u00e1m, \u017ee nebyly t\u011b\u017ek\u00e9 chv\u00edle. Ale m\u00e1m mentalitu pon\u011bkud jinou a&nbsp;nevracel jsem se do minulosti. \u010clov\u011bk dostane jenom jeden \u017eivot. V\u00a0ml\u00e1d\u00ed jsem t\u0159eba n\u011bkter\u00e9 v\u011bci kv\u016fli pr\u00e1ci odkl\u00e1dal a&nbsp;u\u017e jsem se k\u00a0nim nikdy nedostal, ale nelituju toho, d\u011blal jsem n\u011bco jin\u00e9ho. Chci \u0159\u00edct, \u017ee nem\u00e1 smysl ut\u00e1p\u011bt se v\u00a0n\u011b\u010dem, co nem\u016f\u017eete d\u011blat, a\u010dkoliv byste cht\u011bl. N\u011bkomu \u017eivot ned\u00e1 ani jednu \u0161anci, jakou jsem m\u011bl j\u00e1. Tak\u017ee j\u00e1 jsem sv\u00fdm zp\u016fsobem pro\u017eil n\u011bkolik \u017eivot\u016f, m\u011bl jsem mo\u017enost d\u011blat \u0159adu \u010dinnost\u00ed, z\u00a0nich\u017e ka\u017ed\u00e1 mi p\u0159inesla n\u011bco zaj\u00edmav\u00e9ho.<\/p>\r\n<p><strong>Vyu\u017eil jste n\u011bjak zku\u0161enosti z\u00a0vesm\u00edru ve sv\u00e9m pozd\u011bj\u0161\u00edm \u017eivot\u011b?<\/strong><br \/>\r\n To je velmi komplikovan\u00e1 ot\u00e1zka. Lid\u00e9 se m\u011b \u010dasto ptaj\u00ed, zda ten let zm\u011bnil m\u016fj pohled na sv\u011bt. J\u00e1 si mysl\u00edm, \u017ee ano, ale nem\u00e1m srovn\u00e1n\u00ed, jak\u00fd bych byl, kdybych nelet\u011bl. Mysl\u00edm ale, \u017ee jsem se d\u00edky t\u00e9 zku\u0161enosti um\u011bl na nejr\u016fzn\u011bj\u0161\u00ed v\u011bci pod\u00edvat z\u00a0v\u011bt\u0161\u00edho nadhledu. Nejv\u00edc jsem zku\u0161enosti z\u00a0kosmonautiky vyu\u017eil v\u00a0Evropsk\u00e9m parlamentu, kde jsem se krom\u011b jin\u00e9ho velmi intenzivn\u011b v\u011bnoval problematice evropsk\u00e9 kosmick\u00e9 politiky a&nbsp;projektu Galileo. Moc jsem st\u00e1l o&nbsp;to, abychom se stali \u010dleny Evropsk\u00e9 kosmick\u00e9 agentury a&nbsp;aby jej\u00ed s\u00eddlo bylo pr\u00e1v\u011b v\u00a0Praze. Nebyl jsem samoz\u0159ejm\u011b s\u00e1m, kdo o&nbsp;to usiloval. Netrp\u00edm m\u00e1ni\u00ed zveli\u010dovat sv\u00e9 z\u00e1sluhy (sm\u00edch). Ale dodnes si pamatuju, jak jsem p\u0159i n\u011bkolika jedn\u00e1n\u00edch ozn\u00e1mil st\u0159et z\u00e1jm\u016f, proto\u017ee bydl\u00edm asi tak 500 metr\u016f od m\u00edsta, kter\u00e9 se v\u00a0Praze jako s\u00eddlo agentury nab\u00edzelo. \u0158\u00edkal jsem taky z&nbsp;legrace, \u017ee pokud tam ta agentura vznikne, tak tam budu d\u011blat v\u00a0penzi vr\u00e1tn\u00e9ho. V\u0161ichni se zasm\u00e1li a&nbsp;z\u00e1rove\u0148 zbyst\u0159ili, co\u017e byl \u00fa\u010del. V&nbsp;tom parlamentn\u00edm v\u00fdboru v\u0161ichni v\u011bd\u011bli, \u017ee jsem b\u00fdval\u00fd kosmonaut, a&nbsp;tak\u00e9 v\u011bd\u011bli, \u017ee Praha je d\u016fstojn\u00e9 m\u00edsto. Za tu v\u011bc se bili lidi nap\u0159\u00ed\u010d politick\u00fdm spektrem a&nbsp;jsem nesm\u00edrn\u011b r\u00e1d, \u017ee to nakonec dob\u0159e dopadlo.<\/p>\r\n<p><strong>V\u00edd\u00e1te se je\u0161t\u011b s\u00a0kolegy kosmonauty, existuje n\u011bjak\u00e1 komunita?<\/strong><br \/>\r\n Ano, existuje, a&nbsp;to v\u00a0r\u00e1mci asociace Space Explorers (pr\u016fzkumn\u00edk\u016f vesm\u00edru \u2013 pozn. redakce), tedy \u00fa\u010dastn\u00edk\u016f kosmick\u00fdch let\u016f. Osobn\u011b jsem se \u00fa\u010dastnil hned prvn\u00edho kongresu v\u00a0roce 1985 nedaleko Pa\u0159\u00ed\u017ee. Zat\u00edm posledn\u00ed setk\u00e1n\u00ed prob\u011bhlo v\u00a0Toulouse taky ve Francii, byl to jubilejn\u00ed t\u0159ic\u00e1t\u00fd ro\u010dn\u00edk, dvakr\u00e1t se toti\u017e setk\u00e1n\u00ed nepoda\u0159ilo zorganizovat. Vym\u011b\u0148ujeme si tam zku\u0161enosti. Ti, kte\u0159\u00ed jsou aktivn\u00ed a&nbsp;l\u00e9taj\u00ed, maj\u00ed v\u011bt\u0161inou n\u011bjak\u00e9 p\u0159edn\u00e1\u0161ky, t\u0159eba o&nbsp;zaj\u00edmavostech z\u00a0kosmonautiky. N\u011bkdy se zvou i&nbsp;vdovy po kosmonautech, n\u011bkolikr\u00e1t se \u00fa\u010dastnila vdova po Gagarinovi. Dal\u0161\u00ed setk\u00e1n\u00ed m\u00e1 b\u00fdt v\u00a0Minsku, tam se chyst\u00e1m, proto\u017ee jsem tam byl n\u011bkolikr\u00e1t v\u00a0\u017eivot\u011b a&nbsp;cht\u011bl bych, aby se tam pod\u00edvala i&nbsp;man\u017eelka.<\/p>\r\n<p><strong>M\u00e1 podle v\u00e1s do budoucna n\u011bjak\u00fd \u010cech \u0161anci st\u00e1t se kosmonautem?<\/strong><br \/>\r\n J\u00e1 si mysl\u00edm, \u017ee ano. Ty mo\u017enosti se v\u00a0podstat\u011b roz\u0161\u00ed\u0159ily a&nbsp;jsou mnohem bli\u017e\u0161\u00ed. N\u011bkolik let jsem pat\u0159il mezi podporovatele sout\u011b\u017ee pro ml\u00e1de\u017e, kter\u00e1 se jmenovala Mars 2000. Z\u00e1v\u011bre\u010dn\u00fdm vyvrcholen\u00edm byla cesta do Transine, co\u017e je m\u011bsto mezi Lucemburkem a&nbsp;Bruselem, kde je kosmick\u00e9 st\u0159edisko pro ve\u0159ejnost. Tam si \u00fa\u010dastn\u00edci mohli vyzkou\u0161et simulovan\u00fd let na raketopl\u00e1nu, simulaci bezt\u00ed\u017en\u00e9ho stavu a&nbsp;jin\u00e9 v\u011bci. Ned\u00e1vno jsem potkal jednoho \u00fa\u010dastn\u00edka, kter\u00fd dneska l\u00e9t\u00e1 jako pilot \u010cSA. \u010cili z\u00e1jem u&nbsp;lid\u00ed je. Douf\u00e1m, \u017ee ta cesta povede p\u0159es Evropskou kosmickou agenturu. N\u011bkte\u0159\u00ed \u0159\u00edkaj\u00ed, \u017ee by bylo pot\u0159eba, aby tam \u010cesk\u00e1 republika \u201ep\u0159ihodila\u201c, aby z\u00edskala lep\u0161\u00ed pozici a&nbsp;mohla usilovat o&nbsp;m\u00edsto v\u00a0mezin\u00e1rodn\u00edm t\u00fdmu. Douf\u00e1m, \u017ee se to jednou poda\u0159\u00ed.<\/p>\r\n<p>&nbsp;<\/p>\r\n<hr \/>\r\n<p>Vladim\u00edr Remek (*1948)\u00a0je b\u00fdval\u00fd vojensk\u00fd\u00a0pilot\u00a0a jedin\u00fd \u010deskoslovensk\u00fd a&nbsp;prvn\u00ed evropsk\u00fd kosmonaut, kter\u00fd p\u0159ed \u010dty\u0159iceti lety, 2.&nbsp;b\u0159ezna\u00a01978, na raket\u011b Sojuz 28 vzl\u00e9tl do vesm\u00edru.\u00a0Do roku\u00a01995\u00a0slou\u017eil ve vojensk\u00e9m letectvu, naposledy jako \u0159editel\u00a0Vojensk\u00e9ho muzea letectv\u00ed a&nbsp;kosmonautiky\u00a0v Praze-Kbel\u00edch. Pot\u00e9 byl obchodn\u00edm z\u00e1stupcem\u00a0\u010cZ Strakonice\u00a0v\u00a0Rusku, dva roky obchodn\u00edm radou na \u010desk\u00e9m velvyslanectv\u00ed v&nbsp;Moskv\u011b a&nbsp;v&nbsp;letech\u00a02004\u00a0a\u017e\u00a02013\u00a0poslancem\u00a0Evropsk\u00e9ho parlamentu\u00a0za\u00a0KS\u010cM. V&nbsp;letech 2014 a\u017e 2018 vykon\u00e1val funkci\u00a0velvyslance\u00a0\u010cesk\u00e9 republiky\u00a0v\u00a0Rusku.<\/p>","protected":false},"excerpt":{"rendered":"[perex] Vid\u011bl zem\u011bkouli tak jako jen hrstka lid\u00ed na planet\u011b. Ve t\u0159in\u00e1cti se d\u00edky Juriji Gagarinovi nadchl pro kosmonautiku a&nbsp;p\u0159ed \u010dty\u0159iceti lety str\u00e1vil sedm dn\u00ed na ob\u011b\u017en\u00e9 dr\u00e1ze. Stal se tak prvn\u00edm evropsk\u00fdm kosmonautem. \u010cerstv\u00fd sedmdes\u00e1tn\u00edk Vladim\u00edr Remek se tak\u00e9 zaslou\u017eil o&nbsp;to, \u017ee \u010d\u00e1st Agentury pro evropsk\u00fd dru\u017eicov\u00fd syst\u00e9m s\u00eddl\u00ed pr\u00e1v\u011b na Sedmi\u010dce. Potkali jsme [&hellip;]","protected":false},"author":76,"featured_media":19624,"comment_status":"closed","ping_status":"open","sticky":false,"template":"","format":"standard","meta":[],"categories":[37],"tags":[],"_links":{"self":[{"href":"https:\/\/www.praha7.cz\/api\/wp\/v2\/posts\/19621"}],"collection":[{"href":"https:\/\/www.praha7.cz\/api\/wp\/v2\/posts"}],"about":[{"href":"https:\/\/www.praha7.cz\/api\/wp\/v2\/types\/post"}],"author":[{"embeddable":true,"href":"https:\/\/www.praha7.cz\/api\/wp\/v2\/users\/76"}],"replies":[{"embeddable":true,"href":"https:\/\/www.praha7.cz\/api\/wp\/v2\/comments?post=19621"}],"version-history":[{"count":2,"href":"https:\/\/www.praha7.cz\/api\/wp\/v2\/posts\/19621\/revisions"}],"predecessor-version":[{"id":19623,"href":"https:\/\/www.praha7.cz\/api\/wp\/v2\/posts\/19621\/revisions\/19623"}],"wp:featuredmedia":[{"embeddable":true,"href":"https:\/\/www.praha7.cz\/api\/wp\/v2\/media\/19624"}],"wp:attachment":[{"href":"https:\/\/www.praha7.cz\/api\/wp\/v2\/media?parent=19621"}],"wp:term":[{"taxonomy":"category","embeddable":true,"href":"https:\/\/www.praha7.cz\/api\/wp\/v2\/categories?post=19621"},{"taxonomy":"post_tag","embeddable":true,"href":"https:\/\/www.praha7.cz\/api\/wp\/v2\/tags?post=19621"}],"curies":[{"name":"wp","href":"https:\/\/api.w.org\/{rel}","templated":true}]}}