    
{"id":19499,"date":"2018-09-20T11:43:02","date_gmt":"2018-09-20T09:43:02","guid":{"rendered":"https:\/\/www.praha7.cz\/?p=19499"},"modified":"2018-09-20T13:08:42","modified_gmt":"2018-09-20T11:08:42","slug":"19499-2","status":"publish","type":"post","link":"https:\/\/www.praha7.cz\/19499-2\/","title":{"rendered":"Praha&nbsp;7 dokon\u010duje obnovu zch\u00e1tral\u00fdch byt\u016f"},"content":{"rendered":"<p>[perex]<\/p>\r\n<p>Sedm\u00e1 m\u011bstsk\u00e1 \u010d\u00e1st ji\u017e opravila a&nbsp;pronajala v\u011bt\u0161inu ze 110 zch\u00e1tral\u00fdch, vybydlen\u00fdch byt\u016f, kter\u00e9 sou\u010dasn\u00e9 veden\u00ed zd\u011bdilo po sv\u00fdch p\u0159edch\u016fdc\u00edch. D\u00edky p\u0159id\u011blen\u00e9 dotaci hl. m. Prahy ve v\u00fd\u0161i 5,3 mil. korun bude nyn\u00ed moci opravit dal\u0161\u00edch 9 ze zb\u00fdvaj\u00edc\u00edch 20 byt\u016f.<\/p>\r\n<p>[\/perex]<\/p>\r\n<p><em>\u201eTo, \u017ee se star\u00e1me o&nbsp;obecn\u00ed byty, neprod\u00e1v\u00e1me je a&nbsp;nenech\u00e1v\u00e1me pr\u00e1zdn\u00e9 ch\u00e1trat, jako tomu bylo za minul\u00fdch veden\u00ed, n\u00e1m umo\u017e\u0148uje realizovat smysluplnou soci\u00e1ln\u00ed politiku a&nbsp;pom\u00e1hat s\u00a0bydlen\u00edm t\u011bm, kte\u0159\u00ed to skute\u010dn\u011b pot\u0159ebuj\u00ed. D\u00edky tomu tak\u00e9 \u017e\u00e1dn\u00e9 d\u00edt\u011b z&nbsp;Prahy&nbsp;7 nebydl\u00ed v&nbsp;nevhodn\u00e9m prost\u0159ed\u00ed ubytoven,\u201c<\/em> uvedl <em><strong>Jan \u010ci\u017einsk\u00fd, starosta Prahy&nbsp;7 a&nbsp;kandid\u00e1t na prim\u00e1tora za iniciativu PRAHA SOB\u011a<\/strong><\/em>.<\/p>\r\n<p><em>\u201eJen v\u00a0leto\u0161n\u00edm roce jsme opravili a&nbsp;pronajali 15 byt\u016f, nyn\u00ed za pomoci dotace hl. m. Prahy zrekonstruujeme dal\u0161\u00edch 9. Rekonstruovat budeme tak\u00e9 staticky naru\u0161en\u00fd a&nbsp;v&nbsp;roce 2013 vyst\u011bhovan\u00fd bytov\u00fd d\u016fm Dobrovsk\u00e9ho 19, kde bude celkem 15 byt\u016f. Z\u00a0celkov\u00e9ho po\u010dtu 630 obecn\u00edch byt\u016f tak z\u016fstane jen 11, kter\u00e9 \u010dekaj\u00ed rozs\u00e1hlej\u0161\u00ed opravy. Jedn\u00e1 se o&nbsp;byty v\u00a0domech, kde se p\u0159ipravuj\u00ed rekonstrukce p\u00e1te\u0159n\u00edch s\u00edt\u00ed,\u201c<\/em> \u0159ekl <em><strong>m\u00edstostarosta Kamil Vav\u0159inec Mare\u0161 (PRAHA&nbsp;7 SOB\u011a)<\/strong><\/em> a&nbsp;d\u00e1le doplnil, \u017ee obsazov\u00e1n\u00ed byt\u016f je patrn\u00e9 i&nbsp;na postupn\u00e9m zvy\u0161ov\u00e1n\u00ed p\u0159\u00edjm\u016f z&nbsp;pron\u00e1jm\u016f, kter\u00e9 se meziro\u010dn\u011b dr\u017e\u00ed na \u00farovni 3 a\u017e 4&nbsp;%.<\/p>\r\n<p>Na rekonstrukci bytov\u00e9ho domu Dobrovsk\u00e9ho 19 z\u00edskala Praha&nbsp;7 dotaci hl. m. Prahy ve v\u00fd\u0161i 28,9 mil. K\u010d.<\/p>\r\n<p>V\u00a0leto\u0161n\u00edm roce se m\u011bstsk\u00e9 \u010d\u00e1sti poda\u0159ilo dot\u00e1hnout do \u00fasp\u011b\u0161n\u00e9ho konce tak\u00e9 likvidaci st\u00e1tn\u00edho Bytov\u00e9ho podniku, kter\u00e1 se t\u00e1hla p\u0159es dvacet p\u011bt let. V\u00fdsledkem je, \u017ee Praha&nbsp;7 z\u00edskala velk\u00fd bytov\u00fd d\u016fm za cca sto milion\u016f korun na adrese Milady Hor\u00e1kov\u00e9 84.<\/p>\r\n<p>Dal\u0161\u00ed roz\u0161\u00ed\u0159en\u00ed bytov\u00e9ho fondu Praha&nbsp;7 p\u0159ipravuje formou p\u016fdn\u00edch vestaveb, kdy je p\u0159ipraven projekt na 6 byt\u016f &#8211; u&nbsp;dvou byt\u016f ji\u017e bylo tak\u00e9 vyd\u00e1no stavebn\u00ed povolen\u00ed a&nbsp;dal\u0161\u00ed jsou t\u011bsn\u011b p\u0159ed jeho vyd\u00e1n\u00edm.<\/p>","protected":false},"excerpt":{"rendered":"[perex] Sedm\u00e1 m\u011bstsk\u00e1 \u010d\u00e1st ji\u017e opravila a&nbsp;pronajala v\u011bt\u0161inu ze 110 zch\u00e1tral\u00fdch, vybydlen\u00fdch byt\u016f, kter\u00e9 sou\u010dasn\u00e9 veden\u00ed zd\u011bdilo po sv\u00fdch p\u0159edch\u016fdc\u00edch. D\u00edky p\u0159id\u011blen\u00e9 dotaci hl. m. Prahy ve v\u00fd\u0161i 5,3 mil. korun bude nyn\u00ed moci opravit dal\u0161\u00edch 9 ze zb\u00fdvaj\u00edc\u00edch 20 byt\u016f. [\/perex] \u201eTo, \u017ee se star\u00e1me o&nbsp;obecn\u00ed byty, neprod\u00e1v\u00e1me je a&nbsp;nenech\u00e1v\u00e1me pr\u00e1zdn\u00e9 ch\u00e1trat, jako tomu [&hellip;]","protected":false},"author":5,"featured_media":19501,"comment_status":"closed","ping_status":"open","sticky":false,"template":"","format":"standard","meta":[],"categories":[34,74],"tags":[],"_links":{"self":[{"href":"https:\/\/www.praha7.cz\/api\/wp\/v2\/posts\/19499"}],"collection":[{"href":"https:\/\/www.praha7.cz\/api\/wp\/v2\/posts"}],"about":[{"href":"https:\/\/www.praha7.cz\/api\/wp\/v2\/types\/post"}],"author":[{"embeddable":true,"href":"https:\/\/www.praha7.cz\/api\/wp\/v2\/users\/5"}],"replies":[{"embeddable":true,"href":"https:\/\/www.praha7.cz\/api\/wp\/v2\/comments?post=19499"}],"version-history":[{"count":2,"href":"https:\/\/www.praha7.cz\/api\/wp\/v2\/posts\/19499\/revisions"}],"predecessor-version":[{"id":19503,"href":"https:\/\/www.praha7.cz\/api\/wp\/v2\/posts\/19499\/revisions\/19503"}],"wp:featuredmedia":[{"embeddable":true,"href":"https:\/\/www.praha7.cz\/api\/wp\/v2\/media\/19501"}],"wp:attachment":[{"href":"https:\/\/www.praha7.cz\/api\/wp\/v2\/media?parent=19499"}],"wp:term":[{"taxonomy":"category","embeddable":true,"href":"https:\/\/www.praha7.cz\/api\/wp\/v2\/categories?post=19499"},{"taxonomy":"post_tag","embeddable":true,"href":"https:\/\/www.praha7.cz\/api\/wp\/v2\/tags?post=19499"}],"curies":[{"name":"wp","href":"https:\/\/api.w.org\/{rel}","templated":true}]}}