    
{"id":19226,"date":"2018-09-12T15:44:07","date_gmt":"2018-09-12T13:44:07","guid":{"rendered":"https:\/\/www.praha7.cz\/?p=19226"},"modified":"2018-09-12T16:26:36","modified_gmt":"2018-09-12T14:26:36","slug":"prihlasovani-do-tretiho-rocniku-podnikave-7-bylo-zahajeno","status":"publish","type":"post","link":"https:\/\/www.praha7.cz\/prihlasovani-do-tretiho-rocniku-podnikave-7-bylo-zahajeno\/","title":{"rendered":"P\u0159ihl\u00e1sit sv\u016fj podnikatelsk\u00fd z\u00e1m\u011br do sout\u011b\u017ee Podnikav\u00e1 7 je mo\u017en\u00e9 a\u017e do 16.&nbsp;z\u00e1\u0159\u00ed"},"content":{"rendered":"<p>[perex]<\/p>\r\n<p>T\u0159et\u00ed ro\u010dn\u00edk podnikatelsk\u00e9ho inkub\u00e1toru Podnikav\u00e1 7 jde do fini\u0161e a&nbsp;bude zakon\u010den\u00fd sout\u011b\u017e\u00ed o&nbsp;nejlep\u0161\u00ed podnikatelsk\u00fd z\u00e1m\u011br.\u00a0Letos se do sout\u011b\u017ee mohou p\u0159ihl\u00e1sit i&nbsp;za\u010d\u00ednaj\u00edc\u00ed podnikatel\u00e9, kte\u0159\u00ed neabsolvovali n\u00e1\u0161 kurz.\u00a0<\/p>\r\n<p>[\/perex]<\/p>\r\n<ul>\r\n\t<li>Do sout\u011b\u017ee se mohou p\u0159ihl\u00e1sit za\u010d\u00ednaj\u00edc\u00ed podnikatel\u00e9\/podnikatelky nebo firmy (rok zalo\u017een\u00ed nesm\u00ed b\u00fdt star\u0161\u00ed ne\u017e 2018) se zaj\u00edmav\u00fdm podnikatelsk\u00fdm n\u00e1padem.<\/li>\r\n\t<li>V\u00a0p\u0159ihl\u00e1\u0161ce mus\u00ed b\u00fdt uvedeno bydli\u0161t\u011b nebo adresa budouc\u00edho s\u00eddla firmy v&nbsp;Praze 7.\u00a0<\/li>\r\n\t<li>Z\u00e1jemce mus\u00ed zaslat prezentaci sv\u00e9ho z\u00e1m\u011bru nejpozd\u011bji do 16.&nbsp;z\u00e1\u0159\u00ed. Form\u00e1t prezentace si m\u016f\u017eete vy\u017e\u00e1dat u&nbsp;radn\u00edho Franti\u0161ka Voseck\u00e9ho na emailov\u00e9 adrese: voseckyf@praha7.cz.<\/li>\r\n\t<li>Prezentace vyhodnot\u00ed organiza\u010dn\u00ed t\u00fdm Podnikav\u00e9 7 do 17.&nbsp;z\u00e1\u0159\u00ed\u00a0 a&nbsp;informuje uchaze\u010de, zda byli nominov\u00e1ni do semifin\u00e1le. Hlavn\u00edmi krit\u00e9rii je realizovatelnost, udr\u017eitelnost a&nbsp;inovativnost.<\/li>\r\n<\/ul>\r\n<p>Semifin\u00e1le sout\u011b\u017ee se bude konat 19.&nbsp;z\u00e1\u0159\u00ed.\u00a0 Fin\u00e1lov\u00fd podve\u010der pak prob\u011bhne ve Vod\u00e1rensk\u00e9 v\u011b\u017ei na Letn\u00e9 26.&nbsp;z\u00e1\u0159\u00ed od 18 hodin. V\u00edt\u011bz z\u00edsk\u00e1 kompletn\u00ed poradenstv\u00ed p\u0159i zalo\u017een\u00ed firmy, n\u00e1rok na n\u011bkolik hodin pr\u00e1vn\u00edho a&nbsp;da\u0148ov\u00e9ho poradenstv\u00ed, n\u011bkolik hodin mentoringu od zku\u0161en\u00fdch podnikatel\u016f a&nbsp;profilov\u00fd rozhovor v\u00a0\u010dasopise Hobulet.<\/p>\r\n<p>Podnikatel\u00e9, kte\u0159\u00ed se um\u00edst\u00ed na \u00a02 a&nbsp;3 m\u00edst\u011b,\u00a0 z\u00edskaj\u00ed hodinu pr\u00e1vn\u00edho a&nbsp;da\u0148ov\u00e9ho poradenstv\u00ed, mentoring a&nbsp;voucher na inzerci v&nbsp;\u010dasopise Hobulet.\u00a0<\/p>","protected":false},"excerpt":{"rendered":"[perex] T\u0159et\u00ed ro\u010dn\u00edk podnikatelsk\u00e9ho inkub\u00e1toru Podnikav\u00e1 7 jde do fini\u0161e a&nbsp;bude zakon\u010den\u00fd sout\u011b\u017e\u00ed o&nbsp;nejlep\u0161\u00ed podnikatelsk\u00fd z\u00e1m\u011br.\u00a0Letos se do sout\u011b\u017ee mohou p\u0159ihl\u00e1sit i&nbsp;za\u010d\u00ednaj\u00edc\u00ed podnikatel\u00e9, kte\u0159\u00ed neabsolvovali n\u00e1\u0161 kurz.\u00a0 [\/perex] Do sout\u011b\u017ee se mohou p\u0159ihl\u00e1sit za\u010d\u00ednaj\u00edc\u00ed podnikatel\u00e9\/podnikatelky nebo firmy (rok zalo\u017een\u00ed nesm\u00ed b\u00fdt star\u0161\u00ed ne\u017e 2018) se zaj\u00edmav\u00fdm podnikatelsk\u00fdm n\u00e1padem. V\u00a0p\u0159ihl\u00e1\u0161ce mus\u00ed b\u00fdt uvedeno bydli\u0161t\u011b nebo adresa [&hellip;]","protected":false},"author":4,"featured_media":19227,"comment_status":"closed","ping_status":"open","sticky":false,"template":"","format":"standard","meta":[],"categories":[34],"tags":[],"_links":{"self":[{"href":"https:\/\/www.praha7.cz\/api\/wp\/v2\/posts\/19226"}],"collection":[{"href":"https:\/\/www.praha7.cz\/api\/wp\/v2\/posts"}],"about":[{"href":"https:\/\/www.praha7.cz\/api\/wp\/v2\/types\/post"}],"author":[{"embeddable":true,"href":"https:\/\/www.praha7.cz\/api\/wp\/v2\/users\/4"}],"replies":[{"embeddable":true,"href":"https:\/\/www.praha7.cz\/api\/wp\/v2\/comments?post=19226"}],"version-history":[{"count":7,"href":"https:\/\/www.praha7.cz\/api\/wp\/v2\/posts\/19226\/revisions"}],"predecessor-version":[{"id":19241,"href":"https:\/\/www.praha7.cz\/api\/wp\/v2\/posts\/19226\/revisions\/19241"}],"wp:featuredmedia":[{"embeddable":true,"href":"https:\/\/www.praha7.cz\/api\/wp\/v2\/media\/19227"}],"wp:attachment":[{"href":"https:\/\/www.praha7.cz\/api\/wp\/v2\/media?parent=19226"}],"wp:term":[{"taxonomy":"category","embeddable":true,"href":"https:\/\/www.praha7.cz\/api\/wp\/v2\/categories?post=19226"},{"taxonomy":"post_tag","embeddable":true,"href":"https:\/\/www.praha7.cz\/api\/wp\/v2\/tags?post=19226"}],"curies":[{"name":"wp","href":"https:\/\/api.w.org\/{rel}","templated":true}]}}