    
{"id":19093,"date":"2018-09-10T22:24:09","date_gmt":"2018-09-10T20:24:09","guid":{"rendered":"https:\/\/www.praha7.cz\/?p=19093"},"modified":"2018-09-11T08:46:41","modified_gmt":"2018-09-11T06:46:41","slug":"mimoradny-zapis-do-fms-polodenni-trida","status":"publish","type":"post","link":"https:\/\/www.praha7.cz\/mimoradny-zapis-do-fms-polodenni-trida\/","title":{"rendered":"Mimo\u0159\u00e1dn\u00fd z\u00e1pis do FM\u0160 &#8211; Polodenn\u00ed t\u0159\u00edda"},"content":{"rendered":"<p>[perex]<\/p>\r\n<p>V\u00e1\u017een\u00ed rodi\u010de, zveme V\u00e1s na mimo\u0159\u00e1dn\u00fd z\u00e1pis FM\u0160 Na V\u00fd\u0161in\u00e1ch &#8211; t\u0159\u00edda s\u00a0polodenn\u00edm provozem.\u00a0<\/p>\r\n<p>Od ledna 2019 bude otev\u0159ena nov\u00e1 t\u0159\u00edda mate\u0159sk\u00e9 \u0161koly s&nbsp;polodenn\u00edm provozem.<\/p>\r\n<p>[\/perex]<\/p>\r\n<p>K t\u00e9to p\u0159\u00edle\u017eitosti se kon\u00e1 mimo\u0159\u00e1dn\u00fd z\u00e1pis d\u011bt\u00ed do FM\u0160<\/p>\r\n<ul>\r\n\t<li>ve st\u0159edu <strong>3.10.2018<\/strong>\u00a0 a&nbsp;\u010dtvrtek<strong> 4.10.2018<\/strong> od 13.30 do 17.00 hod.<\/li>\r\n<\/ul>\r\n<p><a href=\"https:\/\/www.praha7.cz\/wp-content\/uploads\/2018\/09\/\u017d\u00e1dost-o-p\u0159ijet\u00ed-leden.pdf\" target=\"_blank\" rel=\"noopener\">\u017d\u00e1dost o&nbsp;p\u0159ijet\u00ed d\u00edt\u011bte k&nbsp;p\u0159ed\u0161koln\u00edmu vzd\u011bl\u00e1v\u00e1n\u00ed<\/a><\/p>","protected":false},"excerpt":{"rendered":"[perex] V\u00e1\u017een\u00ed rodi\u010de, zveme V\u00e1s na mimo\u0159\u00e1dn\u00fd z\u00e1pis FM\u0160 Na V\u00fd\u0161in\u00e1ch &#8211; t\u0159\u00edda s\u00a0polodenn\u00edm provozem.\u00a0 Od ledna 2019 bude otev\u0159ena nov\u00e1 t\u0159\u00edda mate\u0159sk\u00e9 \u0161koly s&nbsp;polodenn\u00edm provozem. [\/perex] K&nbsp;t\u00e9to p\u0159\u00edle\u017eitosti se kon\u00e1 mimo\u0159\u00e1dn\u00fd z\u00e1pis d\u011bt\u00ed do FM\u0160 ve st\u0159edu 3.10.2018\u00a0 a&nbsp;\u010dtvrtek 4.10.2018 od 13.30 do 17.00 hod. \u017d\u00e1dost o&nbsp;p\u0159ijet\u00ed d\u00edt\u011bte k&nbsp;p\u0159ed\u0161koln\u00edmu vzd\u011bl\u00e1v\u00e1n\u00ed","protected":false},"author":14,"featured_media":19095,"comment_status":"closed","ping_status":"open","sticky":false,"template":"","format":"standard","meta":[],"categories":[34],"tags":[],"_links":{"self":[{"href":"https:\/\/www.praha7.cz\/api\/wp\/v2\/posts\/19093"}],"collection":[{"href":"https:\/\/www.praha7.cz\/api\/wp\/v2\/posts"}],"about":[{"href":"https:\/\/www.praha7.cz\/api\/wp\/v2\/types\/post"}],"author":[{"embeddable":true,"href":"https:\/\/www.praha7.cz\/api\/wp\/v2\/users\/14"}],"replies":[{"embeddable":true,"href":"https:\/\/www.praha7.cz\/api\/wp\/v2\/comments?post=19093"}],"version-history":[{"count":4,"href":"https:\/\/www.praha7.cz\/api\/wp\/v2\/posts\/19093\/revisions"}],"predecessor-version":[{"id":19100,"href":"https:\/\/www.praha7.cz\/api\/wp\/v2\/posts\/19093\/revisions\/19100"}],"wp:featuredmedia":[{"embeddable":true,"href":"https:\/\/www.praha7.cz\/api\/wp\/v2\/media\/19095"}],"wp:attachment":[{"href":"https:\/\/www.praha7.cz\/api\/wp\/v2\/media?parent=19093"}],"wp:term":[{"taxonomy":"category","embeddable":true,"href":"https:\/\/www.praha7.cz\/api\/wp\/v2\/categories?post=19093"},{"taxonomy":"post_tag","embeddable":true,"href":"https:\/\/www.praha7.cz\/api\/wp\/v2\/tags?post=19093"}],"curies":[{"name":"wp","href":"https:\/\/api.w.org\/{rel}","templated":true}]}}