    
{"id":18892,"date":"2018-06-05T16:03:13","date_gmt":"2018-06-05T14:03:13","guid":{"rendered":"https:\/\/www.praha7.cz\/?p=18892"},"modified":"2018-10-01T14:56:07","modified_gmt":"2018-10-01T12:56:07","slug":"predvolebni-debata-prahy-7","status":"publish","type":"post","link":"https:\/\/www.praha7.cz\/predvolebni-debata-prahy-7\/","title":{"rendered":"P\u0159edvolebn\u00ed debata Prahy&nbsp;7"},"content":{"rendered":"<p>[perex]<\/p>\r\n<p>Sedm\u00e1 m\u011bstsk\u00e1 \u010d\u00e1st v\u00e1s srde\u010dn\u011b zve na p\u0159edvolebn\u00ed debatu kandid\u00e1t\u016f do Zastupitelstva M\u010c Praha&nbsp;7, kter\u00e1 se uskute\u010dn\u00ed ve st\u0159edu 19.&nbsp;z\u00e1\u0159\u00ed od 18:00 hodin v\u00a0N\u00e1rodn\u00edm zem\u011bd\u011blsk\u00e9m muzeu (Kosteln\u00ed 1300\/44, Praha&nbsp;7).<\/p>\r\n<p>Z\u00e1znam p\u0159edvolebn\u00ed debaty naleznete <a href=\"https:\/\/www.youtube.com\/watch?v=YbENIsd9jR8&amp;list=PLhx7K_xZ34I8Z7dDMYLCBgHGxLXviR4-y&amp;t=3m46s\">zde<\/a>.<\/p>\r\n<p>[\/perex]<\/p>\r\n<p>C\u00edlem debaty je p\u0159edstavit ob\u010dan\u016fm Prahy&nbsp;7 l\u00eddry stran a&nbsp;hnut\u00ed kandiduj\u00edc\u00edch do Zastupitelstva M\u010c Praha&nbsp;7, zrekapitulovat uplynul\u00e9 \u010dty\u0159i roky a&nbsp;sezn\u00e1mit ve\u0159ejnost s\u00a0pl\u00e1ny kandid\u00e1t\u016f na starostu do p\u0159\u00ed\u0161t\u00edho volebn\u00edho obdob\u00ed.<\/p>\r\n<p>Debatu bude moderovat novin\u00e1\u0159 a&nbsp;politick\u00fd koment\u00e1tor Jind\u0159ich \u0160\u00eddlo.<\/p>\r\n<p>Pozv\u00e1ni byli z\u00e1stupci v\u0161ech kandiduj\u00edc\u00edch stran a&nbsp;hnut\u00ed.<\/p>","protected":false},"excerpt":{"rendered":"[perex] Sedm\u00e1 m\u011bstsk\u00e1 \u010d\u00e1st v\u00e1s srde\u010dn\u011b zve na p\u0159edvolebn\u00ed debatu kandid\u00e1t\u016f do Zastupitelstva M\u010c Praha&nbsp;7, kter\u00e1 se uskute\u010dn\u00ed ve st\u0159edu 19.&nbsp;z\u00e1\u0159\u00ed od 18:00 hodin v\u00a0N\u00e1rodn\u00edm zem\u011bd\u011blsk\u00e9m muzeu (Kosteln\u00ed 1300\/44, Praha&nbsp;7). Z\u00e1znam p\u0159edvolebn\u00ed debaty naleznete zde. [\/perex] C\u00edlem debaty je p\u0159edstavit ob\u010dan\u016fm Prahy&nbsp;7 l\u00eddry stran a&nbsp;hnut\u00ed kandiduj\u00edc\u00edch do Zastupitelstva M\u010c Praha&nbsp;7, zrekapitulovat uplynul\u00e9 \u010dty\u0159i roky a&nbsp;sezn\u00e1mit [&hellip;]","protected":false},"author":5,"featured_media":18893,"comment_status":"closed","ping_status":"open","sticky":false,"template":"","format":"standard","meta":[],"categories":[36],"tags":[],"_links":{"self":[{"href":"https:\/\/www.praha7.cz\/api\/wp\/v2\/posts\/18892"}],"collection":[{"href":"https:\/\/www.praha7.cz\/api\/wp\/v2\/posts"}],"about":[{"href":"https:\/\/www.praha7.cz\/api\/wp\/v2\/types\/post"}],"author":[{"embeddable":true,"href":"https:\/\/www.praha7.cz\/api\/wp\/v2\/users\/5"}],"replies":[{"embeddable":true,"href":"https:\/\/www.praha7.cz\/api\/wp\/v2\/comments?post=18892"}],"version-history":[{"count":4,"href":"https:\/\/www.praha7.cz\/api\/wp\/v2\/posts\/18892\/revisions"}],"predecessor-version":[{"id":19516,"href":"https:\/\/www.praha7.cz\/api\/wp\/v2\/posts\/18892\/revisions\/19516"}],"wp:featuredmedia":[{"embeddable":true,"href":"https:\/\/www.praha7.cz\/api\/wp\/v2\/media\/18893"}],"wp:attachment":[{"href":"https:\/\/www.praha7.cz\/api\/wp\/v2\/media?parent=18892"}],"wp:term":[{"taxonomy":"category","embeddable":true,"href":"https:\/\/www.praha7.cz\/api\/wp\/v2\/categories?post=18892"},{"taxonomy":"post_tag","embeddable":true,"href":"https:\/\/www.praha7.cz\/api\/wp\/v2\/tags?post=18892"}],"curies":[{"name":"wp","href":"https:\/\/api.w.org\/{rel}","templated":true}]}}