    
{"id":18858,"date":"2018-09-10T14:50:39","date_gmt":"2018-09-10T12:50:39","guid":{"rendered":"https:\/\/www.praha7.cz\/?p=18858"},"modified":"2018-09-12T08:08:37","modified_gmt":"2018-09-12T06:08:37","slug":"na-navstevu-do-veze","status":"publish","type":"post","link":"https:\/\/www.praha7.cz\/na-navstevu-do-veze\/","title":{"rendered":"Zveme na n\u00e1v\u0161t\u011bvu do v\u011b\u017ee 12.&nbsp;a&nbsp;23.&nbsp;z\u00e1\u0159\u00ed"},"content":{"rendered":"<p>[perex]<\/p>\r\n<p>Pokud jste nestihli \u010dervnov\u00e9 prohl\u00eddky zrekonstruovan\u00e9 vod\u00e1rensk\u00e9 v\u011b\u017ee, m\u00e1te mo\u017enost to napravit 12.&nbsp;z\u00e1\u0159\u00ed od 17 hodin. Z\u00e1rove\u0148 budete m\u00edt mo\u017enost vyzkou\u0161et si tak\u00e9 nov\u00fd periskop.<\/p>\r\n<p>[\/perex]<\/p>\r\n<p>V\u011b\u017e si budete moci prohl\u00e9dnout i&nbsp;23.&nbsp;z\u00e1\u0159\u00ed od 13 do 17 hodin, kdy se ve v\u011b\u017ei uskute\u010dn\u00ed V\u011b\u017eo\u00e1da \u2013 sout\u011b\u017en\u00ed odpoledne pro d\u011bti s&nbsp;prezentac\u00ed krou\u017ek\u016f DDM Praha&nbsp;7 a&nbsp;\u0159adou aktivit.<\/p>\r\n<p><a href=\"http:\/\/www.prazske-veze.cz\">www.prazske-veze.cz<\/a><br \/>\r\n <a href=\"http:\/\/www.ddmpraha7.cz\">www.ddmpraha7.cz<\/a><\/p>","protected":false},"excerpt":{"rendered":"[perex] Pokud jste nestihli \u010dervnov\u00e9 prohl\u00eddky zrekonstruovan\u00e9 vod\u00e1rensk\u00e9 v\u011b\u017ee, m\u00e1te mo\u017enost to napravit 12.&nbsp;z\u00e1\u0159\u00ed od 17 hodin. Z\u00e1rove\u0148 budete m\u00edt mo\u017enost vyzkou\u0161et si tak\u00e9 nov\u00fd periskop. [\/perex] V\u011b\u017e si budete moci prohl\u00e9dnout i&nbsp;23.&nbsp;z\u00e1\u0159\u00ed od 13 do 17 hodin, kdy se ve v\u011b\u017ei uskute\u010dn\u00ed V\u011b\u017eo\u00e1da \u2013 sout\u011b\u017en\u00ed odpoledne pro d\u011bti s&nbsp;prezentac\u00ed krou\u017ek\u016f DDM Praha&nbsp;7 a&nbsp;\u0159adou aktivit. [&hellip;]","protected":false},"author":5,"featured_media":16889,"comment_status":"closed","ping_status":"open","sticky":false,"template":"","format":"standard","meta":[],"categories":[34,1],"tags":[],"_links":{"self":[{"href":"https:\/\/www.praha7.cz\/api\/wp\/v2\/posts\/18858"}],"collection":[{"href":"https:\/\/www.praha7.cz\/api\/wp\/v2\/posts"}],"about":[{"href":"https:\/\/www.praha7.cz\/api\/wp\/v2\/types\/post"}],"author":[{"embeddable":true,"href":"https:\/\/www.praha7.cz\/api\/wp\/v2\/users\/5"}],"replies":[{"embeddable":true,"href":"https:\/\/www.praha7.cz\/api\/wp\/v2\/comments?post=18858"}],"version-history":[{"count":6,"href":"https:\/\/www.praha7.cz\/api\/wp\/v2\/posts\/18858\/revisions"}],"predecessor-version":[{"id":19192,"href":"https:\/\/www.praha7.cz\/api\/wp\/v2\/posts\/18858\/revisions\/19192"}],"wp:featuredmedia":[{"embeddable":true,"href":"https:\/\/www.praha7.cz\/api\/wp\/v2\/media\/16889"}],"wp:attachment":[{"href":"https:\/\/www.praha7.cz\/api\/wp\/v2\/media?parent=18858"}],"wp:term":[{"taxonomy":"category","embeddable":true,"href":"https:\/\/www.praha7.cz\/api\/wp\/v2\/categories?post=18858"},{"taxonomy":"post_tag","embeddable":true,"href":"https:\/\/www.praha7.cz\/api\/wp\/v2\/tags?post=18858"}],"curies":[{"name":"wp","href":"https:\/\/api.w.org\/{rel}","templated":true}]}}