    
{"id":18403,"date":"2018-08-14T13:21:14","date_gmt":"2018-08-14T11:21:14","guid":{"rendered":"https:\/\/www.praha7.cz\/?p=18403"},"modified":"2018-08-14T13:21:14","modified_gmt":"2018-08-14T11:21:14","slug":"celomestske-programy-podpory-vzdelavani-na-uzemi-hl-m-prahy-pro-rok-2019","status":"publish","type":"post","link":"https:\/\/www.praha7.cz\/celomestske-programy-podpory-vzdelavani-na-uzemi-hl-m-prahy-pro-rok-2019\/","title":{"rendered":"Celom\u011bstsk\u00e9 programy podpory vzd\u011bl\u00e1v\u00e1n\u00ed na \u00fazem\u00ed hl. m. Prahy pro rok 2019"},"content":{"rendered":"<p>[perex]<\/p>\r\n<p>Rada hl. m. Prahy schv\u00e1lila usnesen\u00edm \u010d. 1772 ze dne 17.&nbsp;7.&nbsp;2018 vyhl\u00e1\u0161en\u00ed Program\u016f celom\u011bstsk\u00e9 podpory vzd\u011bl\u00e1v\u00e1n\u00ed na \u00fazem\u00ed hlavn\u00edho m\u011bsta Prahy pro rok 2019<\/p>\r\n<p>[\/perex]<\/p>\r\n<p><strong>Vyhl\u00e1\u0161en\u00e9 programy:<\/strong><\/p>\r\n<p><strong>Program \u010d. 1:<\/strong> Program na podporu rozvoje vzd\u011blanosti, spolupr\u00e1ce s&nbsp;vysok\u00fdmi \u0161kolami, v\u011bdeck\u00fdmi a&nbsp;v\u00fdzkumn\u00fdmi institucemi a&nbsp;nest\u00e1tn\u00edmi neziskov\u00fdmi organizacemi a&nbsp;na podporu vzd\u011bl\u00e1v\u00e1n\u00ed managementu a&nbsp;pedagogick\u00fdch pracovn\u00edk\u016f \u0161kol a&nbsp;\u0161kolsk\u00fdch za\u0159\u00edzen\u00ed na \u00fazem\u00ed hlavn\u00edho m\u011bsta Prahy<\/p>\r\n<p><strong>Program \u010d. 2:<\/strong> Program na podporu vzd\u011bl\u00e1v\u00e1n\u00ed d\u011bt\u00ed, \u017e\u00e1k\u016f a&nbsp;student\u016f \u0161kol a&nbsp;\u0161kolsk\u00fdch za\u0159\u00edzen\u00ed, kter\u00e9 poskytuj\u00ed vzd\u011bl\u00e1v\u00e1n\u00ed na \u00fazem\u00ed hlavn\u00edho m\u011bsta Prahy s&nbsp;v\u00fdjimkou \u0161kol vysok\u00fdch<\/p>\r\n<p><strong>Program \u010d. 3:<\/strong> Program na podporu rozvoje \u0161kol z\u0159\u00edzen\u00fdch HMP<\/p>\r\n<p><strong>Program \u010d. 4:<\/strong> Program na podporu rozvoje vzd\u011bl\u00e1v\u00e1n\u00ed d\u011bt\u00ed, \u017e\u00e1k\u016f a&nbsp;student\u016f se speci\u00e1ln\u00edmi vzd\u011bl\u00e1vac\u00edmi pot\u0159ebami<\/p>\r\n<p><strong>Program \u010d. 5:<\/strong> Program prevence soci\u00e1ln\u00edho vylou\u010den\u00ed ve \u0161kol\u00e1ch z\u0159\u00edzen\u00fdch HMP<\/p>\r\n<p><strong>Program \u010d. 6:<\/strong> Program na podporu vzd\u011bl\u00e1v\u00e1n\u00ed senior\u016f na \u00fazem\u00ed hlavn\u00edho m\u011bsta Prahy<\/p>\r\n<p>&nbsp;<\/p>\r\n<p><strong>Kompletn\u00ed zn\u011bn\u00ed vyhl\u00e1\u0161en\u00ed:<\/strong><\/p>\r\n<p><a href=\"https:\/\/www.praha7.cz\/wp-content\/uploads\/2018\/08\/Pravidla-programy-rok-2019.pdf\" target=\"_blank\" rel=\"noopener\">Pravidla grantov\u00e9ho \u0159\u00edzen\u00ed<\/a><\/p>\r\n<p><strong>Lh\u016fta pro pod\u00e1n\u00ed \u017d\u00e1dosti:<\/strong><\/p>\r\n<p>od 24.&nbsp;9.&nbsp;do 12.&nbsp;10.&nbsp;2018.<\/p>","protected":false},"excerpt":{"rendered":"[perex] Rada hl. m. Prahy schv\u00e1lila usnesen\u00edm \u010d. 1772 ze dne 17.&nbsp;7.&nbsp;2018 vyhl\u00e1\u0161en\u00ed Program\u016f celom\u011bstsk\u00e9 podpory vzd\u011bl\u00e1v\u00e1n\u00ed na \u00fazem\u00ed hlavn\u00edho m\u011bsta Prahy pro rok 2019 [\/perex] Vyhl\u00e1\u0161en\u00e9 programy: Program \u010d. 1: Program na podporu rozvoje vzd\u011blanosti, spolupr\u00e1ce s&nbsp;vysok\u00fdmi \u0161kolami, v\u011bdeck\u00fdmi a&nbsp;v\u00fdzkumn\u00fdmi institucemi a&nbsp;nest\u00e1tn\u00edmi neziskov\u00fdmi organizacemi a&nbsp;na podporu vzd\u011bl\u00e1v\u00e1n\u00ed managementu a&nbsp;pedagogick\u00fdch pracovn\u00edk\u016f \u0161kol a&nbsp;\u0161kolsk\u00fdch za\u0159\u00edzen\u00ed na [&hellip;]","protected":false},"author":14,"featured_media":18411,"comment_status":"closed","ping_status":"open","sticky":false,"template":"","format":"standard","meta":[],"categories":[34],"tags":[],"_links":{"self":[{"href":"https:\/\/www.praha7.cz\/api\/wp\/v2\/posts\/18403"}],"collection":[{"href":"https:\/\/www.praha7.cz\/api\/wp\/v2\/posts"}],"about":[{"href":"https:\/\/www.praha7.cz\/api\/wp\/v2\/types\/post"}],"author":[{"embeddable":true,"href":"https:\/\/www.praha7.cz\/api\/wp\/v2\/users\/14"}],"replies":[{"embeddable":true,"href":"https:\/\/www.praha7.cz\/api\/wp\/v2\/comments?post=18403"}],"version-history":[{"count":1,"href":"https:\/\/www.praha7.cz\/api\/wp\/v2\/posts\/18403\/revisions"}],"predecessor-version":[{"id":18412,"href":"https:\/\/www.praha7.cz\/api\/wp\/v2\/posts\/18403\/revisions\/18412"}],"wp:featuredmedia":[{"embeddable":true,"href":"https:\/\/www.praha7.cz\/api\/wp\/v2\/media\/18411"}],"wp:attachment":[{"href":"https:\/\/www.praha7.cz\/api\/wp\/v2\/media?parent=18403"}],"wp:term":[{"taxonomy":"category","embeddable":true,"href":"https:\/\/www.praha7.cz\/api\/wp\/v2\/categories?post=18403"},{"taxonomy":"post_tag","embeddable":true,"href":"https:\/\/www.praha7.cz\/api\/wp\/v2\/tags?post=18403"}],"curies":[{"name":"wp","href":"https:\/\/api.w.org\/{rel}","templated":true}]}}