    
{"id":18106,"date":"2018-07-25T16:40:16","date_gmt":"2018-07-25T14:40:16","guid":{"rendered":"https:\/\/www.praha7.cz\/?p=18106"},"modified":"2018-07-25T16:40:16","modified_gmt":"2018-07-25T14:40:16","slug":"technologicka-odstavka-systemu-zon-placeneho-stani","status":"publish","type":"post","link":"https:\/\/www.praha7.cz\/technologicka-odstavka-systemu-zon-placeneho-stani\/","title":{"rendered":"Technologick\u00e1 odst\u00e1vka syst\u00e9mu z\u00f3n placen\u00e9ho st\u00e1n\u00ed"},"content":{"rendered":"<p>[perex]<\/p>\r\n<p>Na z\u00e1klad\u011b sd\u011blen\u00ed Technick\u00e9 spr\u00e1vy komunikac\u00ed hl. m. Prahy (spr\u00e1vce z\u00f3n placen\u00e9ho st\u00e1n\u00ed v&nbsp;Praze) informujeme \u0159idi\u010de, \u017ee z\u00a0d\u016fvodu technologick\u00e9 odst\u00e1vky bude od p\u00e1te\u010dn\u00ed p\u016flnoci (27.&nbsp;7.&nbsp;2018&nbsp;24:00 hod.) do ned\u011bln\u00ed p\u016flnoci (29.&nbsp;7.&nbsp;2018&nbsp;24:00 hod.) mimo provoz syst\u00e9m z\u00f3n placen\u00e9ho st\u00e1n\u00ed na \u00fazem\u00ed hl. m. Prahy.<\/p>\r\n<p>[\/perex]<\/p>\r\n<p>Pl\u00e1novan\u00e1 odst\u00e1vka bude m\u00edt vliv na n\u00e1sleduj\u00edc\u00ed sou\u010d\u00e1sti syst\u00e9mu, kter\u00e9 budou mimo provozu:<\/p>\r\n<p>\u00b7\u00a0\u00a0\u00a0\u00a0\u00a0\u00a0\u00a0\u00a0 Platba v&nbsp;parkovac\u00edm automatu<\/p>\r\n<p>\u00b7\u00a0\u00a0\u00a0\u00a0\u00a0\u00a0\u00a0\u00a0 Platba ve virtu\u00e1ln\u00edch parkovac\u00edch hodin\u00e1ch (VPH)<\/p>\r\n<p>\u00b7\u00a0\u00a0\u00a0\u00a0\u00a0\u00a0\u00a0\u00a0 Osobn\u00ed str\u00e1nky u\u017eivatele<\/p>\r\n<p>\u00b7\u00a0\u00a0\u00a0\u00a0\u00a0\u00a0\u00a0\u00a0 Webov\u00e9 str\u00e1nky www.parkujvklidu.cz \u00a0<\/p>\r\n<p>&nbsp;<\/p>\r\n<p>Dr\u017eitel\u016f, kte\u0159\u00ed vlastn\u00ed dlouhodob\u00e9 parkovac\u00ed opr\u00e1vn\u011bn\u00ed (tj. rezidentn\u00ed, abonentn\u00ed a&nbsp;vlastnick\u00e9 parkovac\u00ed opr\u00e1vn\u011bn\u00ed), se omezen\u00ed jin\u00fdm zp\u016fsobem ne\u017e nefunk\u010dn\u00edmi Osobn\u00edmi str\u00e1nkami u\u017eivatele nedotkne.<\/p>\r\n<p>&nbsp;<\/p>\r\n<p>V\u00edce informac\u00ed naleznete na str\u00e1nk\u00e1ch <a href=\"http:\/\/www.tsk-praha.cz\/wps\/portal\/root\/domu\/!ut\/p\/a1\/04_Sj9CPykssy0xPLMnMz0vMAfGjzOKd3R09TMx9DAwsfP0sDBz9LUPcjTydgVwjoIJIoAIDHMDRgJD-cP0oVCX-LmaGBo7uZkZGpm6BRgaeZlAFeKzw0o9Kz8lPAjs30jEvydgiXT-qKDUttSi1SK-0CCicUVJSUGylaqBqUF5erpeUmZeul5yfq2qATUNGfnGJfgSyOv2C3AiDLNOcMh9HRUUAlwqIiA!!\/?1dmy&amp;page=tsk.archivtiskovachzprav&amp;urile=wcm%3apath%3a%2Fportal%2Bsite%2Fz6_000000000000000000000000a0%2Fz6_cgah47l00od610ag6225fq20i6%2Fz6_cgah47l00gjje0ao9746lk3097%2F3c8f7722-19a8-4d98-8d4f-e672940d3f5e\">TSK hl. m. Prahy<\/a>.<\/p>","protected":false},"excerpt":{"rendered":"[perex] Na z\u00e1klad\u011b sd\u011blen\u00ed Technick\u00e9 spr\u00e1vy komunikac\u00ed hl. m. Prahy (spr\u00e1vce z\u00f3n placen\u00e9ho st\u00e1n\u00ed v&nbsp;Praze) informujeme \u0159idi\u010de, \u017ee z\u00a0d\u016fvodu technologick\u00e9 odst\u00e1vky bude od p\u00e1te\u010dn\u00ed p\u016flnoci (27.&nbsp;7.&nbsp;2018&nbsp;24:00 hod.) do ned\u011bln\u00ed p\u016flnoci (29.&nbsp;7.&nbsp;2018&nbsp;24:00 hod.) mimo provoz syst\u00e9m z\u00f3n placen\u00e9ho st\u00e1n\u00ed na \u00fazem\u00ed hl. m. Prahy. [\/perex] Pl\u00e1novan\u00e1 odst\u00e1vka bude m\u00edt vliv na n\u00e1sleduj\u00edc\u00ed sou\u010d\u00e1sti syst\u00e9mu, kter\u00e9 budou [&hellip;]","protected":false},"author":5,"featured_media":18107,"comment_status":"closed","ping_status":"open","sticky":false,"template":"","format":"standard","meta":[],"categories":[34],"tags":[],"_links":{"self":[{"href":"https:\/\/www.praha7.cz\/api\/wp\/v2\/posts\/18106"}],"collection":[{"href":"https:\/\/www.praha7.cz\/api\/wp\/v2\/posts"}],"about":[{"href":"https:\/\/www.praha7.cz\/api\/wp\/v2\/types\/post"}],"author":[{"embeddable":true,"href":"https:\/\/www.praha7.cz\/api\/wp\/v2\/users\/5"}],"replies":[{"embeddable":true,"href":"https:\/\/www.praha7.cz\/api\/wp\/v2\/comments?post=18106"}],"version-history":[{"count":1,"href":"https:\/\/www.praha7.cz\/api\/wp\/v2\/posts\/18106\/revisions"}],"predecessor-version":[{"id":18108,"href":"https:\/\/www.praha7.cz\/api\/wp\/v2\/posts\/18106\/revisions\/18108"}],"wp:featuredmedia":[{"embeddable":true,"href":"https:\/\/www.praha7.cz\/api\/wp\/v2\/media\/18107"}],"wp:attachment":[{"href":"https:\/\/www.praha7.cz\/api\/wp\/v2\/media?parent=18106"}],"wp:term":[{"taxonomy":"category","embeddable":true,"href":"https:\/\/www.praha7.cz\/api\/wp\/v2\/categories?post=18106"},{"taxonomy":"post_tag","embeddable":true,"href":"https:\/\/www.praha7.cz\/api\/wp\/v2\/tags?post=18106"}],"curies":[{"name":"wp","href":"https:\/\/api.w.org\/{rel}","templated":true}]}}