    
{"id":18065,"date":"2018-05-23T11:22:55","date_gmt":"2018-05-23T09:22:55","guid":{"rendered":"https:\/\/www.praha7.cz\/?p=18065"},"modified":"2018-10-08T13:41:29","modified_gmt":"2018-10-08T11:41:29","slug":"volby-do-zastupitelstev-obci-informace-pro-kandidaty","status":"publish","type":"post","link":"https:\/\/www.praha7.cz\/volby-do-zastupitelstev-obci-informace-pro-kandidaty\/","title":{"rendered":"Volby do zastupitelstev obc\u00ed"},"content":{"rendered":"<p>[perex]<\/p>\r\n<p>Volby do zastupitelstev obc\u00ed se uskute\u010dn\u00ed ve dnech 5.\u00a0a\u00a06.\u00a0\u0159\u00edjna 2018, a\u00a0to v\u00a0p\u00e1tek 5.\u00a0\u0159\u00edjna 2018 od 14.00 do 22.00 hod., v\u00a0sobotu 6.\u00a0\u0159\u00edjna od 8.00 do 14.00 hod. Na \u00fazem\u00ed m\u011bstsk\u00e9 \u010d\u00e1sti Praha\u00a07 se budou konat volby do Zastupitelstva M\u010c Praha\u00a07 a\u00a0Zastupitelstva hlavn\u00edho m\u011bsta Prahy. Volby do Sen\u00e1tu Parlamentu \u010cR se na \u00fazem\u00ed M\u010c Praha\u00a07 v\u00a0tomto term\u00ednu nekonaj\u00ed. Pro volby do zastupitelstev obc\u00ed je m\u011bstsk\u00e1 \u010d\u00e1st Praha\u00a07 \u010dlen\u011bna do 36 volebn\u00edch okrsk\u016f.<\/p>\r\n<p>P\u0159\u00edslu\u0161nost do volebn\u00edho okrsku a\u00a0navigaci do volebn\u00edch m\u00edstnost\u00ed snadno vyhled\u00e1te zad\u00e1n\u00edm sv\u00e9 adresy do\u00a0<a href=\"http:\/\/app.iprpraha.cz\/apl\/app\/volby\/KOMUNALNI_VOLBY_2018\/\">interaktivn\u00ed mapy<\/a>.<\/p>\r\n<p><strong>Odd\u011blen\u00ed p\u0159estupk\u016f odboru spr\u00e1vn\u00edch agend \u00daM\u010c Praha&nbsp;7, kter\u00e9 odpov\u00edd\u00e1 za organiza\u010dn\u011b technick\u00e9 zabezpe\u010den\u00ed voleb, registruje kandid\u00e1tn\u00ed listiny, vede st\u00e1l\u00fd seznam voli\u010d\u016f a&nbsp;jeho dodatek atd., s\u00eddl\u00ed v\u00a0deta\u0161ovan\u00e9m pracovi\u0161ti v\u00a0Praze 7, U&nbsp;Pr\u016fhonu 11 (roh ulic Komunard\u016f a&nbsp;U&nbsp;Pr\u016fhonu).<\/strong><\/p>\r\n<p>[\/perex]\u00a0 \u00a0 \u00a0 \u00a0 \u00a0 \u00a0\u00a0<\/p>\r\n<h3>Informace pro voli\u010de &#8211; voli\u010dsk\u00e9 pr\u016fkazy, z\u00e1pis v\u00a0seznamu voli\u010d\u016f v\u00a0zahrani\u010d\u00ed<\/h3>\r\n<p>P\u0159i volb\u00e1ch do zastupitelstev obc\u00ed\u00a0 nelze volit na\u00a0 voli\u010dsk\u00fd pr\u016fkaz, proto se voli\u010dsk\u00e9 pr\u016fkazy nevyd\u00e1vaj\u00ed. Stejn\u011b tak v\u00a0t\u011bchto volb\u00e1ch nelze volit na zastupitelsk\u00fdch \u00fa\u0159adech v\u00a0zahrani\u010d\u00ed. Ka\u017ed\u00fd voli\u010d m\u016f\u017ee volit pouze tam, kde je zaps\u00e1n do st\u00e1l\u00e9ho seznamu voli\u010d\u016f, p\u0159\u00edpadn\u011b do dodatku st\u00e1l\u00e9ho seznamu (pro voli\u010de z\u00a0\u010dlensk\u00fdch st\u00e1t\u016f EU) tj. v\u00a0m\u00edst\u011b sv\u00e9ho trval\u00e9ho bydli\u0161t\u011b.<\/p>\r\n<p>Ob\u010dan\u016fm, kte\u0159\u00ed jsou zaps\u00e1ni nap\u0159. z\u00a0d\u016fvodu dlouhodob\u00e9ho pobytu v\u00a0zahrani\u010d\u00ed v\u00a0seznamu voli\u010d\u016f na zastupitelsk\u00e9m \u00fa\u0159ad\u011b, doporu\u010dujeme, aby pro p\u0159\u00edpad, \u017ee budou v\u00a0dob\u011b kon\u00e1n\u00ed komun\u00e1ln\u00edch voleb v\u00a0m\u00edst\u011b sv\u00e9ho trval\u00e9ho bydli\u0161t\u011b v\u00a0\u010cR, po\u017e\u00e1dali Z\u00da o\u00a0vy\u0161krtnut\u00ed a\u00a0s\u00a0origin\u00e1lem potvrzen\u00ed\u00a0 Z\u00da se dostavili na odbor spr\u00e1vn\u00edch agend \u2013 deta\u0161ovan\u00e9 pracovi\u0161t\u011b U&nbsp;Pr\u016fhonu 11 (event. ve dny voleb \u00a0p\u0159edlo\u017eili uveden\u00e9 potvrzen\u00ed p\u0159\u00edmo ve \u00a0volebn\u00ed m\u00edstnosti). Po dobu z\u00e1pisu v\u00a0seznamu voli\u010d\u016f v\u00a0zahrani\u010d\u00ed jsou toti\u017e ze st\u00e1l\u00e9ho seznamu veden\u00e9ho v\u00a0m\u00edst\u011b trval\u00e9ho bydli\u0161t\u011b vy\u0161krtnuti a\u00a0nem\u011bli by tak mo\u017enost volit.<\/p>\r\n<p>&nbsp;<\/p>\r\n<h3><strong>V\u00fdzva volebn\u00edm stran\u00e1m, jejich\u017e kandid\u00e1tn\u00ed listina byla zaregistrov\u00e1na<\/strong><\/h3>\r\n<p>a kter\u00e9 v\u00a0souladu s\u00a0ust. \u00a7 17 odst. 2 \u010d. 491\/2001 Sb., o&nbsp;volb\u00e1ch do zastupitelstev obc\u00ed a&nbsp;o&nbsp;zm\u011bn\u011b n\u011bkter\u00fdch z\u00e1kon\u016f, ve zn\u011bn\u00ed pozd\u011bj\u0161\u00edch p\u0159edpis\u016f mohou delegovat 1 \u010dlena a&nbsp;1 n\u00e1hradn\u00edka do okrskov\u00e9 volebn\u00ed komise.<\/p>\r\n<p><strong>Lh\u016fta pro doru\u010den\u00ed seznamu deleg\u00e1t\u016f a&nbsp;n\u00e1hradn\u00edk\u016f je do 5.&nbsp;z\u00e1\u0159\u00ed 2018 do 16.00 hod.<\/strong><\/p>\r\n<p>Seznam deleg\u00e1t\u016f a&nbsp;n\u00e1hradn\u00edk\u016f mus\u00ed obsahovat p\u0159edepsan\u00e9 n\u00e1le\u017eitosti, tj. jm\u00e9no a&nbsp;p\u0159\u00edjmen\u00ed, datum narozen\u00ed a&nbsp;m\u00edsto trval\u00e9ho pobytu deleg\u00e1ta, podpis a&nbsp;kontakt zmocn\u011bnce politick\u00e9 strany, politick\u00e9ho hnut\u00ed, sdru\u017een\u00ed nez\u00e1visl\u00fdch kandid\u00e1t\u016f \u00a0nebo koalice. Doporu\u010dujeme uv\u00e9st i&nbsp;e-mailov\u00fd a&nbsp;telefonn\u00ed kontakt na deleg\u00e1ty a&nbsp;doru\u010dovac\u00ed adresu, je-li odli\u0161n\u00e1 od m\u00edsta trval\u00e9ho bydli\u0161t\u011b.<\/p>\r\n<p><strong>Prvn\u00ed zased\u00e1n\u00ed okrskov\u00fdch volebn\u00edch komis\u00ed je napl\u00e1nov\u00e1no na 13.&nbsp;z\u00e1\u0159\u00ed od 15.30 hod.<\/strong> v\u00a0Z\u0160 TGM Ortenovo n\u00e1m. 34. Je t\u0159eba po\u010d\u00edtat s\u00a0trv\u00e1n\u00edm sch\u016fze cca do 19,00 hod. vzhledem k\u00a0obs\u00e1hlosti problematiky voleb do zastupitelstev obc\u00ed a&nbsp;podrobn\u00e9ho \u0161kolen\u00ed \u010cS\u00da k\u00a0metodice s\u010d\u00edt\u00e1n\u00ed. <strong>\u00da\u010dast na sch\u016fzi je pro v\u0161echny deleg\u00e1ty povinn\u00e1.<\/strong><\/p>\r\n<p>Pros\u00edme, abyste tuto skute\u010dnost zohlednili p\u0159i v\u00fdb\u011bru \u010dlen\u016f komis\u00ed, sou\u010dasn\u011b je t\u0159eba z\u00e1jemce upozornit i&nbsp;na pom\u011brn\u011b slo\u017eit\u00e9 s\u010d\u00edt\u00e1n\u00ed a&nbsp;\u010dasovou n\u00e1ro\u010dnost zji\u0161\u0165ov\u00e1n\u00ed v\u00fdsledk\u016f.<\/p>\r\n<p>&nbsp;<\/p>\r\n<p>&nbsp;<\/p>\r\n<h3><strong>Informace o&nbsp;registraci kandid\u00e1tn\u00edch listin<\/strong><\/h3>\r\n<p>Pro volby do Zastupitelstva m\u011bstsk\u00e9 \u010d\u00e1sti Praha&nbsp;7 konan\u00e9 ve dnech 5.&nbsp;a&nbsp;6.&nbsp;\u0159\u00edjna 2018 byly zaregistrov\u00e1ny kandid\u00e1tn\u00ed listiny t\u011bchto volebn\u00edch stran:<\/p>\r\n<p>&nbsp;<\/p>\r\n<p>1.\u00a0\u00a0\u00a0\u00a0\u00a0 ANO\u00a0 2011 \u2013 politick\u00e9 hnut\u00ed<\/p>\r\n<p>2.\u00a0\u00a0\u00a0\u00a0\u00a0 Pir\u00e1ti a&nbsp;Zelen\u00ed Praha&nbsp;7 \u2013 sdru\u017een\u00ed politick\u00fdch stran \u010cesk\u00e9 pir\u00e1tsk\u00e9 strany a&nbsp;Strany zelen\u00fdch a&nbsp;nez\u00e1visl\u00fdch\u00a0 kandid\u00e1t\u016f<\/p>\r\n<p>3.\u00a0\u00a0\u00a0\u00a0\u00a0 Komunistick\u00e1 strana \u010cech a&nbsp;Moravy \u2013 politick\u00e1 strana<\/p>\r\n<p>4.\u00a0\u00a0\u00a0\u00a0\u00a0 Ob\u010dansk\u00e1 demokratick\u00e1 strana ve spolupr\u00e1ci se Stranou svobodn\u00fdch ob\u010dan\u016f a&nbsp;se Stranou soukromn\u00edk\u016f \u010cesk\u00e9 republiky \u2013 koalice politick\u00fdch stran<\/p>\r\n<p>5.\u00a0\u00a0\u00a0\u00a0\u00a0 TOP 09 a&nbsp;STAN \u2013 Spojen\u00e9 s\u00edly pro Prahu 7 \u2013 koalice politick\u00e9 strany a&nbsp;politick\u00e9ho hnut\u00ed<\/p>\r\n<p>6.\u00a0\u00a0\u00a0\u00a0\u00a0 PRAHA&nbsp;7 SOB\u011a \u2013 sdru\u017een\u00ed nez\u00e1visl\u00fdch kandid\u00e1t\u016f<\/p>\r\n<p>7.\u00a0\u00a0\u00a0\u00a0\u00a0 STAROSTOV\u00c9 PRO PRAHU a&nbsp;SNK Evrop\u0161t\u00ed demokrat\u00e9 \u2013 koalice politick\u00e9 strany SNK Evrop\u0161t\u00ed demokrat\u00e9 a&nbsp;hnut\u00ed Pro Prahu<\/p>\r\n<p>8.\u00a0\u00a0\u00a0\u00a0\u00a0 \u010cesk\u00e1 strana soci\u00e1ln\u011b demokratick\u00e1, politick\u00e1 strana<\/p>\r\n<p>&nbsp;<\/p>\r\n<p><em>Zaregistrovan\u00e9 volebn\u00ed strany jsou uvedeny v\u00a0po\u0159ad\u00ed, kter\u00e9 vylosoval registra\u010dn\u00ed \u00fa\u0159ad, v\u00a0tomto po\u0159ad\u00ed budou uvedeny na hlasovac\u00edm l\u00edstku.\u00a0\u00a0\u00a0\u00a0\u00a0<\/em>\u00a0<\/p>\r\n<p><br \/>\r\n <strong> P\u0159ehled volebn\u00edch okrsk\u016f naleznete <a href=\"https:\/\/www.praha7.cz\/wp-content\/uploads\/2018\/07\/VOLEBN\u00cd-OKRSKY-1_a_4.10..doc\">zde<\/a>.<\/strong><br \/>\r\n <strong> Telefonn\u00ed spojen\u00ed do volebn\u00edch m\u00edstnost\u00ed <a href=\"https:\/\/www.praha7.cz\/wp-content\/uploads\/2018\/07\/TELEFONN\u00cd-SPOJEN\u00cd_a.3.10..docx\">zde<\/a>.<\/strong><\/p>","protected":false},"excerpt":{"rendered":"[perex] Volby do zastupitelstev obc\u00ed se uskute\u010dn\u00ed ve dnech 5.\u00a0a\u00a06.\u00a0\u0159\u00edjna 2018, a\u00a0to v\u00a0p\u00e1tek 5.\u00a0\u0159\u00edjna 2018 od 14.00 do 22.00 hod., v\u00a0sobotu 6.\u00a0\u0159\u00edjna od 8.00 do 14.00 hod. Na \u00fazem\u00ed m\u011bstsk\u00e9 \u010d\u00e1sti Praha\u00a07 se budou konat volby do Zastupitelstva M\u010c Praha\u00a07 a\u00a0Zastupitelstva hlavn\u00edho m\u011bsta Prahy. Volby do Sen\u00e1tu Parlamentu \u010cR se na \u00fazem\u00ed M\u010c Praha\u00a07 v\u00a0tomto [&hellip;]","protected":false},"author":5,"featured_media":18066,"comment_status":"closed","ping_status":"open","sticky":false,"template":"","format":"standard","meta":[],"categories":[36,1],"tags":[],"_links":{"self":[{"href":"https:\/\/www.praha7.cz\/api\/wp\/v2\/posts\/18065"}],"collection":[{"href":"https:\/\/www.praha7.cz\/api\/wp\/v2\/posts"}],"about":[{"href":"https:\/\/www.praha7.cz\/api\/wp\/v2\/types\/post"}],"author":[{"embeddable":true,"href":"https:\/\/www.praha7.cz\/api\/wp\/v2\/users\/5"}],"replies":[{"embeddable":true,"href":"https:\/\/www.praha7.cz\/api\/wp\/v2\/comments?post=18065"}],"version-history":[{"count":24,"href":"https:\/\/www.praha7.cz\/api\/wp\/v2\/posts\/18065\/revisions"}],"predecessor-version":[{"id":20096,"href":"https:\/\/www.praha7.cz\/api\/wp\/v2\/posts\/18065\/revisions\/20096"}],"wp:featuredmedia":[{"embeddable":true,"href":"https:\/\/www.praha7.cz\/api\/wp\/v2\/media\/18066"}],"wp:attachment":[{"href":"https:\/\/www.praha7.cz\/api\/wp\/v2\/media?parent=18065"}],"wp:term":[{"taxonomy":"category","embeddable":true,"href":"https:\/\/www.praha7.cz\/api\/wp\/v2\/categories?post=18065"},{"taxonomy":"post_tag","embeddable":true,"href":"https:\/\/www.praha7.cz\/api\/wp\/v2\/tags?post=18065"}],"curies":[{"name":"wp","href":"https:\/\/api.w.org\/{rel}","templated":true}]}}