    
{"id":17976,"date":"2018-07-16T14:07:57","date_gmt":"2018-07-16T12:07:57","guid":{"rendered":"https:\/\/www.praha7.cz\/?p=17976"},"modified":"2018-07-16T14:08:39","modified_gmt":"2018-07-16T12:08:39","slug":"zabor-parkoviste-pred-budovou-uradu-mc-praha-7","status":"publish","type":"post","link":"https:\/\/www.praha7.cz\/zabor-parkoviste-pred-budovou-uradu-mc-praha-7\/","title":{"rendered":"Z\u00e1bor parkovi\u0161t\u011b p\u0159ed budovou \u00da\u0159adu M\u010c Praha&nbsp;7"},"content":{"rendered":"<p>[perex]<\/p>\r\n<p>Upozor\u0148ujeme n\u00e1v\u0161t\u011bvn\u00edky \u00fa\u0159adu, \u017ee v&nbsp;term\u00ednu od 20.&nbsp;7.&nbsp;do 31.&nbsp;8.&nbsp;nebude mo\u017en\u00e9 z&nbsp;d\u016fvodu v\u00fdkopov\u00fdch prac\u00ed vyu\u017e\u00edt \u010d\u00e1st parkovi\u0161t\u011b p\u0159ed budovou \u00da\u0159adu M\u010c Praha&nbsp;7. P\u0159i n\u00e1v\u0161t\u011bv\u011b radnice m\u016f\u017eete vyu\u017e\u00edt parkovac\u00edch m\u00edst na n\u00e1b\u0159. Kpt. Jaro\u0161e z&nbsp;druh\u00e9 strany budovy, kde je vyzna\u010dena oran\u017eov\u00e1 n\u00e1v\u0161t\u011bvnick\u00e1 z\u00f3na. D\u011bkujeme za pochopen\u00ed.<\/p>\r\n<p>[\/perex]<\/p>\r\n<p>V\u00fdkopov\u00e9 pr\u00e1ce jsou sou\u010d\u00e1st\u00ed rekonstrukce horkovodn\u00edch rozvod\u016f, kter\u00e9 p\u0159es l\u00e9to realizuje spol. Pra\u017esk\u00e1 tepl\u00e1rensk\u00e1.<\/p>\r\n<p>V\u00edce informac\u00ed o&nbsp;rekonstrukci horkovod\u016f naleznete <a href=\"https:\/\/www.praha7.cz\/plan-rekonstrukce-horkovodu\/\">zde.<\/a><\/p>","protected":false},"excerpt":{"rendered":"[perex] Upozor\u0148ujeme n\u00e1v\u0161t\u011bvn\u00edky \u00fa\u0159adu, \u017ee v&nbsp;term\u00ednu od 20.&nbsp;7.&nbsp;do 31.&nbsp;8.&nbsp;nebude mo\u017en\u00e9 z&nbsp;d\u016fvodu v\u00fdkopov\u00fdch prac\u00ed vyu\u017e\u00edt \u010d\u00e1st parkovi\u0161t\u011b p\u0159ed budovou \u00da\u0159adu M\u010c Praha&nbsp;7. P\u0159i n\u00e1v\u0161t\u011bv\u011b radnice m\u016f\u017eete vyu\u017e\u00edt parkovac\u00edch m\u00edst na n\u00e1b\u0159. Kpt. Jaro\u0161e z&nbsp;druh\u00e9 strany budovy, kde je vyzna\u010dena oran\u017eov\u00e1 n\u00e1v\u0161t\u011bvnick\u00e1 z\u00f3na. D\u011bkujeme za pochopen\u00ed. [\/perex] V\u00fdkopov\u00e9 pr\u00e1ce jsou sou\u010d\u00e1st\u00ed rekonstrukce horkovodn\u00edch rozvod\u016f, kter\u00e9 p\u0159es l\u00e9to [&hellip;]","protected":false},"author":5,"featured_media":15167,"comment_status":"closed","ping_status":"open","sticky":false,"template":"","format":"standard","meta":[],"categories":[34],"tags":[],"_links":{"self":[{"href":"https:\/\/www.praha7.cz\/api\/wp\/v2\/posts\/17976"}],"collection":[{"href":"https:\/\/www.praha7.cz\/api\/wp\/v2\/posts"}],"about":[{"href":"https:\/\/www.praha7.cz\/api\/wp\/v2\/types\/post"}],"author":[{"embeddable":true,"href":"https:\/\/www.praha7.cz\/api\/wp\/v2\/users\/5"}],"replies":[{"embeddable":true,"href":"https:\/\/www.praha7.cz\/api\/wp\/v2\/comments?post=17976"}],"version-history":[{"count":2,"href":"https:\/\/www.praha7.cz\/api\/wp\/v2\/posts\/17976\/revisions"}],"predecessor-version":[{"id":17978,"href":"https:\/\/www.praha7.cz\/api\/wp\/v2\/posts\/17976\/revisions\/17978"}],"wp:featuredmedia":[{"embeddable":true,"href":"https:\/\/www.praha7.cz\/api\/wp\/v2\/media\/15167"}],"wp:attachment":[{"href":"https:\/\/www.praha7.cz\/api\/wp\/v2\/media?parent=17976"}],"wp:term":[{"taxonomy":"category","embeddable":true,"href":"https:\/\/www.praha7.cz\/api\/wp\/v2\/categories?post=17976"},{"taxonomy":"post_tag","embeddable":true,"href":"https:\/\/www.praha7.cz\/api\/wp\/v2\/tags?post=17976"}],"curies":[{"name":"wp","href":"https:\/\/api.w.org\/{rel}","templated":true}]}}