    
{"id":17959,"date":"2018-07-13T15:57:51","date_gmt":"2018-07-13T13:57:51","guid":{"rendered":"https:\/\/www.praha7.cz\/?p=17959"},"modified":"2020-09-10T10:54:54","modified_gmt":"2020-09-10T08:54:54","slug":"oprava-chodniku-v-ul-hermanova-a-u-smaltovny","status":"publish","type":"post","link":"https:\/\/www.praha7.cz\/oprava-chodniku-v-ul-hermanova-a-u-smaltovny\/","title":{"rendered":"Oprava chodn\u00edk\u016f v&nbsp;ul. He\u0159manova a&nbsp;U&nbsp;Smaltovny"},"content":{"rendered":"<p>[perex]<\/p>\r\n<p>Na p\u0159elomu \u010dervence a&nbsp;srpna bude zah\u00e1jena oprava povrchu chodn\u00edk\u016f v\u00a0ulic\u00edch He\u0159manova a&nbsp;U&nbsp;Smaltovny. Tato akce navazuje na rekonstrukce horkovodn\u00edch rozvod\u016f, kter\u00e9 p\u0159es l\u00e9to realizuje spol. Pra\u017esk\u00e1 tepl\u00e1rensk\u00e1.<\/p>\r\n<p>[\/perex]<\/p>\r\n<p>Rekonstrukce se bude t\u00fdkat obou chodn\u00edk\u016f v\u00a0ul. U&nbsp;Smaltovny mezi ul. Strojnick\u00e1 a&nbsp;\u0160im\u00e1\u010dkova, zde by pr\u00e1ce m\u011bly prob\u00edhat od 30.&nbsp;7.&nbsp;do po\u010d\u00e1tku \u0159\u00edjna.<\/p>\r\n<p>Opraven bude tak\u00e9 severn\u00ed chodn\u00edk v\u00a0ul. He\u0159manova v\u00a0\u00faseku mezi ul. Dukelsk\u00fdch hrdin\u016f a&nbsp;Janovsk\u00e9ho. Zde bude rekonstrukce prob\u00edhat od 6.&nbsp;8.&nbsp;do po\u010d\u00e1tku z\u00e1\u0159\u00ed.<\/p>","protected":false},"excerpt":{"rendered":"[perex] Na p\u0159elomu \u010dervence a&nbsp;srpna bude zah\u00e1jena oprava povrchu chodn\u00edk\u016f v\u00a0ulic\u00edch He\u0159manova a&nbsp;U&nbsp;Smaltovny. Tato akce navazuje na rekonstrukce horkovodn\u00edch rozvod\u016f, kter\u00e9 p\u0159es l\u00e9to realizuje spol. Pra\u017esk\u00e1 tepl\u00e1rensk\u00e1. [\/perex] Rekonstrukce se bude t\u00fdkat obou chodn\u00edk\u016f v\u00a0ul. U&nbsp;Smaltovny mezi ul. Strojnick\u00e1 a&nbsp;\u0160im\u00e1\u010dkova, zde by pr\u00e1ce m\u011bly prob\u00edhat od 30.&nbsp;7.&nbsp;do po\u010d\u00e1tku \u0159\u00edjna. Opraven bude tak\u00e9 severn\u00ed chodn\u00edk v\u00a0ul. [&hellip;]","protected":false},"author":5,"featured_media":17989,"comment_status":"closed","ping_status":"open","sticky":false,"template":"","format":"standard","meta":[],"categories":[34],"tags":[],"_links":{"self":[{"href":"https:\/\/www.praha7.cz\/api\/wp\/v2\/posts\/17959"}],"collection":[{"href":"https:\/\/www.praha7.cz\/api\/wp\/v2\/posts"}],"about":[{"href":"https:\/\/www.praha7.cz\/api\/wp\/v2\/types\/post"}],"author":[{"embeddable":true,"href":"https:\/\/www.praha7.cz\/api\/wp\/v2\/users\/5"}],"replies":[{"embeddable":true,"href":"https:\/\/www.praha7.cz\/api\/wp\/v2\/comments?post=17959"}],"version-history":[{"count":2,"href":"https:\/\/www.praha7.cz\/api\/wp\/v2\/posts\/17959\/revisions"}],"predecessor-version":[{"id":41198,"href":"https:\/\/www.praha7.cz\/api\/wp\/v2\/posts\/17959\/revisions\/41198"}],"wp:featuredmedia":[{"embeddable":true,"href":"https:\/\/www.praha7.cz\/api\/wp\/v2\/media\/17989"}],"wp:attachment":[{"href":"https:\/\/www.praha7.cz\/api\/wp\/v2\/media?parent=17959"}],"wp:term":[{"taxonomy":"category","embeddable":true,"href":"https:\/\/www.praha7.cz\/api\/wp\/v2\/categories?post=17959"},{"taxonomy":"post_tag","embeddable":true,"href":"https:\/\/www.praha7.cz\/api\/wp\/v2\/tags?post=17959"}],"curies":[{"name":"wp","href":"https:\/\/api.w.org\/{rel}","templated":true}]}}