    
{"id":17914,"date":"2018-07-12T11:21:03","date_gmt":"2018-07-12T09:21:03","guid":{"rendered":"https:\/\/www.praha7.cz\/?p=17914"},"modified":"2018-07-19T14:09:50","modified_gmt":"2018-07-19T12:09:50","slug":"praha-7-ziskala-do-majetku-stomilionovy-bytovy-dum-s-patnacti-byty-na-letne-v-tzv-molochove-v-ulici-milady-horakove","status":"publish","type":"post","link":"https:\/\/www.praha7.cz\/praha-7-ziskala-do-majetku-stomilionovy-bytovy-dum-s-patnacti-byty-na-letne-v-tzv-molochove-v-ulici-milady-horakove\/","title":{"rendered":"Praha&nbsp;7 z\u00edskala do majetku stomilionov\u00fd bytov\u00fd d\u016fm"},"content":{"rendered":"<p>[perex]<\/p>\r\n<p>M\u00edstostarostovi Kamilu Vav\u0159inci Mare\u0161ovi a&nbsp;starostovi Janu \u010ci\u017einsk\u00e9mu se poda\u0159ilo dov\u00e9st do \u00fasp\u011b\u0161n\u00e9ho konce \u0159\u00edzen\u00ed, kter\u00e9 trvalo p\u0159es dvacet p\u011bt let. V\u00fdsledkem je, \u017ee Praha&nbsp;7 z\u00edskala likvidac\u00ed Bytov\u00e9ho podniku velk\u00fd bytov\u00fd d\u016fm za cca sto milion\u016f korun na adrese Milady Hor\u00e1kov\u00e9 84.<\/p>\r\n<p>[\/perex]<\/p>\r\n<p>\u00a0<em>\u201eNebylo jednoduch\u00e9 proces dov\u00e9st do \u00fasp\u011b\u0161n\u00e9ho konce. Ale poda\u0159ilo se. D\u016fm nen\u00ed v\u00a0nejlep\u0161\u00edm stavu. Za\u010dneme tedy pracovat na jeho revitalizaci. S\u00a0ohledem na obsazenost domu nebude velk\u00fd probl\u00e9m na opravy na\u0161et\u0159it,\u201c<\/em> uvedl <strong><em>m\u00edstostarosta Prahy&nbsp;7 Kamil Vav\u0159inec Mare\u0161 (PRAHA&nbsp;7 SOB\u011a)<\/em><\/strong>, kter\u00fd spolu se <strong><em>starostou Janem \u010ci\u017einsk\u00fdm (PRAHA&nbsp;7 SOB\u011a)<\/em> <\/strong>vedl jedn\u00e1n\u00ed o&nbsp;p\u0159eveden\u00ed domu.\u00a0 \u00a0 \u00a0 \u00a0<\/p>\r\n<p>\u00a0\u201ePraha&nbsp;7 z\u00edskala velk\u00fd bytov\u00fd d\u016fm. To je skv\u011bl\u00e1 zpr\u00e1va sama o&nbsp;sob\u011b. Majetek Prahy&nbsp;7 tak znateln\u011b narostl. P\u0159eveden\u00edm domu na m\u011bstskou \u010d\u00e1st nav\u00edc kon\u010d\u00ed n\u00e1jemn\u00edk\u016fm dlouh\u00e1 l\u00e9ta nejistoty ohledn\u011b budouc\u00edho vlastnictv\u00ed domu,\u201c dodal <strong><em>Jan \u010ci\u017einsk\u00fd, starosta Prahy&nbsp;7<\/em> a&nbsp;kandid\u00e1t na prim\u00e1tora za iniciativu PRAHA SOB\u011a<\/strong>.<\/p>","protected":false},"excerpt":{"rendered":"[perex] M\u00edstostarostovi Kamilu Vav\u0159inci Mare\u0161ovi a&nbsp;starostovi Janu \u010ci\u017einsk\u00e9mu se poda\u0159ilo dov\u00e9st do \u00fasp\u011b\u0161n\u00e9ho konce \u0159\u00edzen\u00ed, kter\u00e9 trvalo p\u0159es dvacet p\u011bt let. V\u00fdsledkem je, \u017ee Praha&nbsp;7 z\u00edskala likvidac\u00ed Bytov\u00e9ho podniku velk\u00fd bytov\u00fd d\u016fm za cca sto milion\u016f korun na adrese Milady Hor\u00e1kov\u00e9 84. [\/perex] \u00a0\u201eNebylo jednoduch\u00e9 proces dov\u00e9st do \u00fasp\u011b\u0161n\u00e9ho konce. Ale poda\u0159ilo se. D\u016fm nen\u00ed [&hellip;]","protected":false},"author":5,"featured_media":17915,"comment_status":"closed","ping_status":"open","sticky":false,"template":"","format":"standard","meta":[],"categories":[34,1,74],"tags":[],"_links":{"self":[{"href":"https:\/\/www.praha7.cz\/api\/wp\/v2\/posts\/17914"}],"collection":[{"href":"https:\/\/www.praha7.cz\/api\/wp\/v2\/posts"}],"about":[{"href":"https:\/\/www.praha7.cz\/api\/wp\/v2\/types\/post"}],"author":[{"embeddable":true,"href":"https:\/\/www.praha7.cz\/api\/wp\/v2\/users\/5"}],"replies":[{"embeddable":true,"href":"https:\/\/www.praha7.cz\/api\/wp\/v2\/comments?post=17914"}],"version-history":[{"count":2,"href":"https:\/\/www.praha7.cz\/api\/wp\/v2\/posts\/17914\/revisions"}],"predecessor-version":[{"id":18035,"href":"https:\/\/www.praha7.cz\/api\/wp\/v2\/posts\/17914\/revisions\/18035"}],"wp:featuredmedia":[{"embeddable":true,"href":"https:\/\/www.praha7.cz\/api\/wp\/v2\/media\/17915"}],"wp:attachment":[{"href":"https:\/\/www.praha7.cz\/api\/wp\/v2\/media?parent=17914"}],"wp:term":[{"taxonomy":"category","embeddable":true,"href":"https:\/\/www.praha7.cz\/api\/wp\/v2\/categories?post=17914"},{"taxonomy":"post_tag","embeddable":true,"href":"https:\/\/www.praha7.cz\/api\/wp\/v2\/tags?post=17914"}],"curies":[{"name":"wp","href":"https:\/\/api.w.org\/{rel}","templated":true}]}}