    
{"id":17817,"date":"2018-07-05T17:48:20","date_gmt":"2018-07-05T15:48:20","guid":{"rendered":"https:\/\/www.praha7.cz\/?p=17817"},"modified":"2018-07-06T08:34:17","modified_gmt":"2018-07-06T06:34:17","slug":"v-praze-nastala-smogova-situace","status":"publish","type":"post","link":"https:\/\/www.praha7.cz\/v-praze-nastala-smogova-situace\/","title":{"rendered":"Smogov\u00e1 situace v&nbsp;Praze odvol\u00e1na"},"content":{"rendered":"<p>[perex]<\/p>\r\n<p>Pro \u00fazem\u00ed hl. m. Prahy byla v&nbsp;p\u00e1tek 6.&nbsp;7.&nbsp;odvol\u00e1na smogov\u00e1 situace (vysok\u00e1 koncentrace toposferick\u00e9ho ozonu).<\/p>\r\n<p>[\/perex]<\/p>","protected":false},"excerpt":{"rendered":"[perex] Pro \u00fazem\u00ed hl. m. Prahy byla v&nbsp;p\u00e1tek 6.&nbsp;7.&nbsp;odvol\u00e1na smogov\u00e1 situace (vysok\u00e1 koncentrace toposferick\u00e9ho ozonu). [\/perex]","protected":false},"author":5,"featured_media":17818,"comment_status":"closed","ping_status":"open","sticky":false,"template":"","format":"standard","meta":[],"categories":[34],"tags":[],"_links":{"self":[{"href":"https:\/\/www.praha7.cz\/api\/wp\/v2\/posts\/17817"}],"collection":[{"href":"https:\/\/www.praha7.cz\/api\/wp\/v2\/posts"}],"about":[{"href":"https:\/\/www.praha7.cz\/api\/wp\/v2\/types\/post"}],"author":[{"embeddable":true,"href":"https:\/\/www.praha7.cz\/api\/wp\/v2\/users\/5"}],"replies":[{"embeddable":true,"href":"https:\/\/www.praha7.cz\/api\/wp\/v2\/comments?post=17817"}],"version-history":[{"count":3,"href":"https:\/\/www.praha7.cz\/api\/wp\/v2\/posts\/17817\/revisions"}],"predecessor-version":[{"id":17822,"href":"https:\/\/www.praha7.cz\/api\/wp\/v2\/posts\/17817\/revisions\/17822"}],"wp:featuredmedia":[{"embeddable":true,"href":"https:\/\/www.praha7.cz\/api\/wp\/v2\/media\/17818"}],"wp:attachment":[{"href":"https:\/\/www.praha7.cz\/api\/wp\/v2\/media?parent=17817"}],"wp:term":[{"taxonomy":"category","embeddable":true,"href":"https:\/\/www.praha7.cz\/api\/wp\/v2\/categories?post=17817"},{"taxonomy":"post_tag","embeddable":true,"href":"https:\/\/www.praha7.cz\/api\/wp\/v2\/tags?post=17817"}],"curies":[{"name":"wp","href":"https:\/\/api.w.org\/{rel}","templated":true}]}}