    
{"id":17795,"date":"2018-07-04T15:45:54","date_gmt":"2018-07-04T13:45:54","guid":{"rendered":"https:\/\/www.praha7.cz\/?p=17795"},"modified":"2018-07-04T15:45:54","modified_gmt":"2018-07-04T13:45:54","slug":"o-stromovce-ve-stromovce","status":"publish","type":"post","link":"https:\/\/www.praha7.cz\/o-stromovce-ve-stromovce\/","title":{"rendered":"O Stromovce ve Stromovce"},"content":{"rendered":"<p>[perex]<\/p>\r\n<p>V\u00fdstava v\u011bnovan\u00e1 historii nejv\u011bt\u0161\u00edho pra\u017esk\u00e9ho parku &#8211; Kr\u00e1lovsk\u00e9 obory neboli Stromovky &#8211; je voln\u011b p\u0159\u00edstupn\u00e1 od 4.&nbsp;\u010dervence do 26.&nbsp;srpna p\u0159\u00edmo v\u00a0parku p\u0159ed Planet\u00e1riem.<\/p>\r\n<p>[\/perex]<\/p>\r\n<p>Prost\u0159ednictv\u00edm reprodukc\u00ed fotografi\u00ed, dobov\u00fdch map, kreseb a&nbsp;rytin p\u0159edstavuje v\u00fdstava, p\u0159ipraven\u00e1 Muzeem hl. m. Prahy k\u00a0leto\u0161n\u00edmu 750.&nbsp;v\u00fdro\u010d\u00ed zalo\u017een\u00ed Kr\u00e1lovsk\u00e9 obory, v\u00fdvoj parku od 16.&nbsp;stolet\u00ed do dne\u0161n\u00ed doby.<\/p>\r\n<p>Do historie Kr\u00e1lovsk\u00e9 obory se nejv\u00fdznamn\u011bji zapsali Ferdinand II. Tyrolsk\u00fd a&nbsp;Rudolf II. Z&nbsp;iniciativy Rudolfa II. byly v&nbsp;obo\u0159e realizov\u00e1ny stavby C\u00edsa\u0159sk\u00e9ho ml\u00fdna, Rudolfova rybn\u00edka a&nbsp;Rudolfovy \u0161toly, vodn\u00edho d\u00edla, kter\u00e9 a\u017e do sou\u010dasnosti p\u0159iv\u00e1d\u00ed do rybn\u00edk\u016f ve Stromovce vodu z&nbsp;Vltavy. V\u00fdstava neopom\u00edj\u00ed ani dal\u0161\u00ed v\u00fdznamn\u00e9 stavby: M\u00edstodr\u017eitelsk\u00fd letohr\u00e1dek nebo Kr\u00e1lovskou dvoranu (\u0160lechtovu restauraci). Dne\u0161n\u00ed n\u00e1zev parku je odvozen od \u010d\u00e1sti, kter\u00e1 v&nbsp;minulosti slou\u017eila jako \u0161t\u011bpnice, n\u011bmecky \u201eBaumgarten\u201c, co\u017e by bylo mo\u017en\u00e9 p\u0159elo\u017eit jako Stromovka.<\/p>","protected":false},"excerpt":{"rendered":"[perex] V\u00fdstava v\u011bnovan\u00e1 historii nejv\u011bt\u0161\u00edho pra\u017esk\u00e9ho parku &#8211; Kr\u00e1lovsk\u00e9 obory neboli Stromovky &#8211; je voln\u011b p\u0159\u00edstupn\u00e1 od 4.&nbsp;\u010dervence do 26.&nbsp;srpna p\u0159\u00edmo v\u00a0parku p\u0159ed Planet\u00e1riem. [\/perex] Prost\u0159ednictv\u00edm reprodukc\u00ed fotografi\u00ed, dobov\u00fdch map, kreseb a&nbsp;rytin p\u0159edstavuje v\u00fdstava, p\u0159ipraven\u00e1 Muzeem hl. m. Prahy k\u00a0leto\u0161n\u00edmu 750.&nbsp;v\u00fdro\u010d\u00ed zalo\u017een\u00ed Kr\u00e1lovsk\u00e9 obory, v\u00fdvoj parku od 16.&nbsp;stolet\u00ed do dne\u0161n\u00ed doby. Do historie Kr\u00e1lovsk\u00e9 obory [&hellip;]","protected":false},"author":5,"featured_media":17799,"comment_status":"closed","ping_status":"open","sticky":false,"template":"","format":"standard","meta":[],"categories":[34],"tags":[],"_links":{"self":[{"href":"https:\/\/www.praha7.cz\/api\/wp\/v2\/posts\/17795"}],"collection":[{"href":"https:\/\/www.praha7.cz\/api\/wp\/v2\/posts"}],"about":[{"href":"https:\/\/www.praha7.cz\/api\/wp\/v2\/types\/post"}],"author":[{"embeddable":true,"href":"https:\/\/www.praha7.cz\/api\/wp\/v2\/users\/5"}],"replies":[{"embeddable":true,"href":"https:\/\/www.praha7.cz\/api\/wp\/v2\/comments?post=17795"}],"version-history":[{"count":1,"href":"https:\/\/www.praha7.cz\/api\/wp\/v2\/posts\/17795\/revisions"}],"predecessor-version":[{"id":17800,"href":"https:\/\/www.praha7.cz\/api\/wp\/v2\/posts\/17795\/revisions\/17800"}],"wp:featuredmedia":[{"embeddable":true,"href":"https:\/\/www.praha7.cz\/api\/wp\/v2\/media\/17799"}],"wp:attachment":[{"href":"https:\/\/www.praha7.cz\/api\/wp\/v2\/media?parent=17795"}],"wp:term":[{"taxonomy":"category","embeddable":true,"href":"https:\/\/www.praha7.cz\/api\/wp\/v2\/categories?post=17795"},{"taxonomy":"post_tag","embeddable":true,"href":"https:\/\/www.praha7.cz\/api\/wp\/v2\/tags?post=17795"}],"curies":[{"name":"wp","href":"https:\/\/api.w.org\/{rel}","templated":true}]}}