    
{"id":17583,"date":"2018-06-28T08:48:16","date_gmt":"2018-06-28T06:48:16","guid":{"rendered":"https:\/\/www.praha7.cz\/?p=17583"},"modified":"2018-06-28T09:01:18","modified_gmt":"2018-06-28T07:01:18","slug":"omezeni-provozu-pracoviste-egovernmentu-v-budove-uradu-mc-praha-7-2","status":"publish","type":"post","link":"https:\/\/www.praha7.cz\/omezeni-provozu-pracoviste-egovernmentu-v-budove-uradu-mc-praha-7-2\/","title":{"rendered":"Omezen\u00ed provozu pracovi\u0161t\u011b eGovernmentu v&nbsp;budov\u011b \u00da\u0159adu M\u010c Praha&nbsp;7"},"content":{"rendered":"<p>[perex]<\/p>\r\n<p>V\u00e1\u017een\u00ed ob\u010dan\u00e9,<br \/>\r\n ve dnech 2.7.&nbsp;a\u017e 10.7.&nbsp;2018 bude z&nbsp;provozn\u00edch d\u016fvod\u016f uzav\u0159eno pracovi\u0161t\u011b odd\u011blen\u00ed eGovernmentu, n\u00e1b\u0159. Kpt. Jaro\u0161e 1000, kancel\u00e1\u0159 \u010d. 33.<\/p>\r\n<p>[\/perex]<\/p>\r\n<p>Sv\u00e9 z\u00e1le\u017eitosti si m\u016f\u017eete vy\u0159\u00eddit na IC Milady Hor\u00e1kov\u00e9 v&nbsp;\u00fa\u0159edn\u00edch hodin\u00e1ch<\/p>\r\n<p>pond\u011bl\u00ed a&nbsp;st\u0159eda: 7:30 &#8211; 11:30&nbsp;12:30 &#8211; 15:00 <br \/>\r\n \u00fater\u00fd a&nbsp;\u010dtvrtek: 7:30 -12:30&nbsp;13:30-18:00 <br \/>\r\n p\u00e1tek 7:30-12:00&nbsp;12:30-14:00<\/p>\r\n<p>Velmi se omlouv\u00e1me za p\u0159\u00edpadn\u00e9 komplikace a&nbsp;d\u011bkujeme za pochopen\u00ed<br \/>\r\n \u00a0<\/p>","protected":false},"excerpt":{"rendered":"[perex] V\u00e1\u017een\u00ed ob\u010dan\u00e9, ve dnech 2.7.&nbsp;a\u017e 10.7.&nbsp;2018 bude z&nbsp;provozn\u00edch d\u016fvod\u016f uzav\u0159eno pracovi\u0161t\u011b odd\u011blen\u00ed eGovernmentu, n\u00e1b\u0159. Kpt. Jaro\u0161e 1000, kancel\u00e1\u0159 \u010d. 33. [\/perex] Sv\u00e9 z\u00e1le\u017eitosti si m\u016f\u017eete vy\u0159\u00eddit na IC Milady Hor\u00e1kov\u00e9 v&nbsp;\u00fa\u0159edn\u00edch hodin\u00e1ch pond\u011bl\u00ed a&nbsp;st\u0159eda: 7:30 &#8211; 11:30&nbsp;12:30 &#8211; 15:00 \u00fater\u00fd a&nbsp;\u010dtvrtek: 7:30 -12:30&nbsp;13:30-18:00 p\u00e1tek 7:30-12:00&nbsp;12:30-14:00 Velmi se omlouv\u00e1me za p\u0159\u00edpadn\u00e9 komplikace a&nbsp;d\u011bkujeme za pochopen\u00ed [&hellip;]","protected":false},"author":14,"featured_media":13136,"comment_status":"closed","ping_status":"open","sticky":false,"template":"","format":"standard","meta":[],"categories":[34],"tags":[],"_links":{"self":[{"href":"https:\/\/www.praha7.cz\/api\/wp\/v2\/posts\/17583"}],"collection":[{"href":"https:\/\/www.praha7.cz\/api\/wp\/v2\/posts"}],"about":[{"href":"https:\/\/www.praha7.cz\/api\/wp\/v2\/types\/post"}],"author":[{"embeddable":true,"href":"https:\/\/www.praha7.cz\/api\/wp\/v2\/users\/14"}],"replies":[{"embeddable":true,"href":"https:\/\/www.praha7.cz\/api\/wp\/v2\/comments?post=17583"}],"version-history":[{"count":3,"href":"https:\/\/www.praha7.cz\/api\/wp\/v2\/posts\/17583\/revisions"}],"predecessor-version":[{"id":17673,"href":"https:\/\/www.praha7.cz\/api\/wp\/v2\/posts\/17583\/revisions\/17673"}],"wp:featuredmedia":[{"embeddable":true,"href":"https:\/\/www.praha7.cz\/api\/wp\/v2\/media\/13136"}],"wp:attachment":[{"href":"https:\/\/www.praha7.cz\/api\/wp\/v2\/media?parent=17583"}],"wp:term":[{"taxonomy":"category","embeddable":true,"href":"https:\/\/www.praha7.cz\/api\/wp\/v2\/categories?post=17583"},{"taxonomy":"post_tag","embeddable":true,"href":"https:\/\/www.praha7.cz\/api\/wp\/v2\/tags?post=17583"}],"curies":[{"name":"wp","href":"https:\/\/api.w.org\/{rel}","templated":true}]}}