    
{"id":17524,"date":"2018-06-21T13:27:32","date_gmt":"2018-06-21T11:27:32","guid":{"rendered":"https:\/\/www.praha7.cz\/?p=17524"},"modified":"2019-06-19T17:20:34","modified_gmt":"2019-06-19T15:20:34","slug":"v-holesovicich-vznikne-nove-parkoviste","status":"publish","type":"post","link":"https:\/\/www.praha7.cz\/v-holesovicich-vznikne-nove-parkoviste\/","title":{"rendered":"V Hole\u0161ovic\u00edch vznikne nov\u00e9 parkovi\u0161t\u011b"},"content":{"rendered":"<p>[perex]<\/p>\r\n<p>Praha&nbsp;7 roz\u0161i\u0159uje kapacity parkov\u00e1n\u00ed na sv\u00e9m \u00fazem\u00ed. Ve spolupr\u00e1ci s\u00a0TSK hl. m. Prahy p\u0159ipravuje nov\u00e9 parkovi\u0161t\u011b v\u00a0ulici Jankovcova nedaleko N\u00e1dra\u017e\u00ed Hole\u0161ovice. Pro ob\u010dany i&nbsp;n\u00e1v\u0161t\u011bvn\u00edky m\u011bstsk\u00e9 \u010d\u00e1sti zde bude vyhrazeno 85 parkovac\u00edch m\u00edst. Dosud Praha&nbsp;7 v\u00a0tomto volebn\u00edm obdob\u00ed roz\u0161\u00ed\u0159ila parkovac\u00ed kapacity v\u00a0ulic\u00edch o&nbsp;zhruba 285 m\u00edst.<\/p>\r\n<p>[\/perex]<\/p>\r\n<p>Pozemky, na kter\u00fdch parkovi\u0161t\u011b vznikne, se nach\u00e1zej\u00ed v\u00a0bl\u00edzkosti stanice metra N\u00e1dra\u017e\u00ed Hole\u0161ovice, p\u0159i ulici Jankovcova, v\u00a0\u00faseku mezi ulicemi Plyn\u00e1rn\u00ed a&nbsp;Vrbensk\u00e9ho. P\u016fvodn\u011b zde hlavn\u00ed m\u011bsto m\u011blo centr\u00e1ln\u00ed protipovod\u0148ov\u00fd dv\u016fr pro uskladn\u011bn\u00ed materi\u00e1lu a&nbsp;vybaven\u00ed v\u00a0obdob\u00ed z\u00e1plav.<\/p>\r\n<p><em>\u201eB\u011bhem protipovod\u0148ov\u00fdch cvi\u010den\u00ed se uk\u00e1zalo, \u017ee tento dv\u016fr po dostavb\u011b protipovod\u0148ov\u00e9 ochrany nen\u00ed zapot\u0159eb\u00ed. Vzhledem k\u00a0v\u00fdhodn\u00e9 poloze nedaleko stanice metra jsem p\u0159i\u0161el s\u00a0n\u00e1vrhem z\u0159\u00eddit zde parkovi\u0161t\u011b, kter\u00e9 by mohlo slou\u017eit rezident\u016fm i&nbsp;n\u00e1v\u0161t\u011bvn\u00edk\u016fm Prahy&nbsp;7. Toto nov\u00e9 \u0159e\u0161en\u00ed by dokonce v\u00a0p\u0159\u00edpad\u011b ohro\u017een\u00ed nebr\u00e1nilo vyu\u017eit\u00ed prostor k\u00a0p\u016fvodn\u00edmu \u00fa\u010delu,\u201c<\/em> uvedl <em><strong>m\u00edstostarosta Prahy&nbsp;7 Kamil Vav\u0159inec Mare\u0161 (PRAHA&nbsp;7 SOB\u011a)<\/strong><\/em>.<\/p>\r\n<p>V\u00a0roce 2015 nechala M\u010c Praha&nbsp;7 zpracovat studii, na jej\u00edm\u017e z\u00e1klad\u011b p\u0159ipravila Technick\u00e1 spr\u00e1va komunikac\u00ed hl. m. Prahy projekt na realizaci parkovi\u0161t\u011b. Pl\u00e1novan\u00e9 parkovi\u0161t\u011b m\u00e1 vydan\u00e9 \u00fazemn\u00ed a&nbsp;stavebn\u00ed povolen\u00ed. Realizace by m\u011bla prob\u011bhnout ve druh\u00e9 polovin\u011b tohoto roku.<\/p>\r\n<p><em>\u201eT\u011b\u0161\u00ed mne, \u017ee ob\u010dan\u00e9 a&nbsp;n\u00e1v\u0161t\u011bvn\u00edci z\u00edskaj\u00ed nov\u00e1 parkovac\u00ed m\u00edsta. Po\u010d\u00edt\u00e1me s\u00a0t\u00edm, \u017ee\u00a0by nov\u00e9 parkovi\u0161t\u011b m\u011blo fungovat jako sm\u00ed\u0161en\u00e1 fialov\u00e1 z\u00f3na se\u00a0zv\u00fdhodn\u011bn\u00fdm\u00a0no\u010dn\u00edm parkov\u00e1n\u00edm n\u00e1v\u0161t\u011bvn\u00edk\u016f. V&nbsp;sou\u010dasnosti tak\u00e9 vyjedn\u00e1v\u00e1me levn\u011bj\u0161\u00ed tarif pro no\u010dn\u00ed parkov\u00e1n\u00ed rezident\u016f v\u00a0gar\u00e1\u017e\u00edch na\u00a0Letn\u00e9 a&nbsp;s\u00a0TSK \u0159e\u0161\u00edme mo\u017enost budouc\u00edho vyu\u017eit\u00ed parkovi\u0161t\u011b p\u0159ed N\u00e1rodn\u00edm zem\u011bd\u011blsk\u00fdm muzeem,\u201c<\/em> doplnil <strong><em>m\u00edstostarosta Ond\u0159ej Mirovsk\u00fd (Strana zelen\u00fdch)<\/em><\/strong>.\u00a0<\/p>\r\n<p>V\u00a0gar\u00e1\u017e\u00edch na Letn\u00e9 ji\u017e v\u00a0lo\u0148sk\u00e9m roce m\u011bstsk\u00e1 \u010d\u00e1st zajistila 315 parkovac\u00edch m\u00edst pro rezidenty za zv\u00fdhodn\u011bnou cenu. I&nbsp;po nutn\u00e9m zru\u0161en\u00ed n\u011bkter\u00fdch parkovac\u00edch m\u00edst v\u00a0souvislosti se zvy\u0161ov\u00e1n\u00edm bezpe\u010dnosti u&nbsp;p\u0159echod\u016f tak <strong>v\u00a0Praze 7 p\u0159ibylo celkem 600 parkovac\u00edch m\u00edst<\/strong>.<\/p>\r\n<p><em>\u201eDal\u0161\u00ed roz\u0161\u00ed\u0159en\u00ed parkovac\u00edch kapacit v\u00a0Praze 7 rozhodn\u011b v\u00edt\u00e1me. Ji\u017e se n\u00e1m poda\u0159ilo uskute\u010dnit n\u011bkolik opat\u0159en\u00ed, kter\u00e9 na\u0161im ob\u010dan\u016fm pom\u00e1haj\u00ed zaparkovat p\u0159edev\u0161\u00edm ve ve\u010dern\u00edch a&nbsp;no\u010dn\u00edch hodin\u00e1ch, kdy z\u00f3ny b\u00fdvaj\u00ed pln\u00e9,\u201c<\/em> uvedl <em><strong>Jan \u010ci\u017einsk\u00fd, starosta Prahy&nbsp;7 a&nbsp;kandid\u00e1t na prim\u00e1tora za iniciativu PRAHA SOB\u011a<\/strong><\/em>.<\/p>\r\n<p>Praze 7 se poda\u0159ilo vyjednat zv\u00fdhodn\u011bn\u00e9 no\u010dn\u00ed parkov\u00e1n\u00ed za 20,- K\u010d\/noc na parkovi\u0161ti p\u0159ed V\u00fdstavi\u0161t\u011bm. Za stejn\u00fdch podm\u00ednek je smluvn\u011b zaji\u0161t\u011bno no\u010dn\u00ed parkov\u00e1n\u00ed rezident\u016f v\u00a0obchodn\u00edm centru na rohu Veletr\u017en\u00ed a\u00a0Strojnick\u00e9, kter\u00e9 je ji\u017e ve v\u00fdstavb\u011b. Obdobn\u011b se Praha&nbsp;7 sna\u017e\u00ed dojednat i&nbsp;dal\u0161\u00ed no\u010dn\u00ed parkovac\u00ed m\u00edsta v\u00a0soukrom\u00fdch komer\u010dn\u00edch projektech.<\/p>","protected":false},"excerpt":{"rendered":"[perex] Praha&nbsp;7 roz\u0161i\u0159uje kapacity parkov\u00e1n\u00ed na sv\u00e9m \u00fazem\u00ed. Ve spolupr\u00e1ci s\u00a0TSK hl. m. Prahy p\u0159ipravuje nov\u00e9 parkovi\u0161t\u011b v\u00a0ulici Jankovcova nedaleko N\u00e1dra\u017e\u00ed Hole\u0161ovice. Pro ob\u010dany i&nbsp;n\u00e1v\u0161t\u011bvn\u00edky m\u011bstsk\u00e9 \u010d\u00e1sti zde bude vyhrazeno 85 parkovac\u00edch m\u00edst. Dosud Praha&nbsp;7 v\u00a0tomto volebn\u00edm obdob\u00ed roz\u0161\u00ed\u0159ila parkovac\u00ed kapacity v\u00a0ulic\u00edch o&nbsp;zhruba 285 m\u00edst. [\/perex] Pozemky, na kter\u00fdch parkovi\u0161t\u011b vznikne, se nach\u00e1zej\u00ed v\u00a0bl\u00edzkosti stanice [&hellip;]","protected":false},"author":5,"featured_media":17528,"comment_status":"closed","ping_status":"open","sticky":false,"template":"","format":"standard","meta":[],"categories":[34,74],"tags":[],"_links":{"self":[{"href":"https:\/\/www.praha7.cz\/api\/wp\/v2\/posts\/17524"}],"collection":[{"href":"https:\/\/www.praha7.cz\/api\/wp\/v2\/posts"}],"about":[{"href":"https:\/\/www.praha7.cz\/api\/wp\/v2\/types\/post"}],"author":[{"embeddable":true,"href":"https:\/\/www.praha7.cz\/api\/wp\/v2\/users\/5"}],"replies":[{"embeddable":true,"href":"https:\/\/www.praha7.cz\/api\/wp\/v2\/comments?post=17524"}],"version-history":[{"count":4,"href":"https:\/\/www.praha7.cz\/api\/wp\/v2\/posts\/17524\/revisions"}],"predecessor-version":[{"id":27432,"href":"https:\/\/www.praha7.cz\/api\/wp\/v2\/posts\/17524\/revisions\/27432"}],"wp:featuredmedia":[{"embeddable":true,"href":"https:\/\/www.praha7.cz\/api\/wp\/v2\/media\/17528"}],"wp:attachment":[{"href":"https:\/\/www.praha7.cz\/api\/wp\/v2\/media?parent=17524"}],"wp:term":[{"taxonomy":"category","embeddable":true,"href":"https:\/\/www.praha7.cz\/api\/wp\/v2\/categories?post=17524"},{"taxonomy":"post_tag","embeddable":true,"href":"https:\/\/www.praha7.cz\/api\/wp\/v2\/tags?post=17524"}],"curies":[{"name":"wp","href":"https:\/\/api.w.org\/{rel}","templated":true}]}}