    
{"id":17513,"date":"2018-06-21T10:05:49","date_gmt":"2018-06-21T08:05:49","guid":{"rendered":"https:\/\/www.praha7.cz\/?p=17513"},"modified":"2018-06-21T10:06:24","modified_gmt":"2018-06-21T08:06:24","slug":"na-stvanici-vznika-komunitni-zahrada-tygr-v-petrzeli","status":"publish","type":"post","link":"https:\/\/www.praha7.cz\/na-stvanici-vznika-komunitni-zahrada-tygr-v-petrzeli\/","title":{"rendered":"Na \u0160tvanici vznik\u00e1 komunitn\u00ed zahrada Tygr v&nbsp;petr\u017eeli"},"content":{"rendered":"<p>[perex]<\/p>\r\n<p>Od 1.&nbsp;\u010dervna 2018 se v&nbsp;z\u00e1padn\u00ed \u010d\u00e1sti Ostrova \u0160tvanice, pobl\u00ed\u017e divadeln\u00edho prostoru VILA \u0160tvanice, za\u010dalo pracovat na komunitn\u00ed zahrad\u011b, kter\u00e1 ponese n\u00e1zev Tygr v&nbsp;petr\u017eeli. Z\u00e1m\u011br vybudovat zahradu vze\u0161el z&nbsp;popudu Magistr\u00e1tu hl. m. Prahy, M\u011bstsk\u00e9 \u010d\u00e1sti Praha&nbsp;7 a&nbsp;divadeln\u00edho spolku Tygr v&nbsp;t\u00edsni, kter\u00fd provozuje v\u00fd\u0161e zm\u00edn\u011bnou VILU, a&nbsp;odtud tedy i&nbsp;n\u00e1zev zahrady.<\/p>\r\n<p>[\/perex]<\/p>\r\n<p>Komunitn\u00ed zahrada chce nav\u00e1zat na um\u011bleck\u00e9 aktivity na \u0160tvanici a&nbsp;b\u00fdt jejich p\u0159irozenou sou\u010d\u00e1st\u00ed. \u201e<em>Plen\u00e9rov\u00e9 akce, jako Festival Sva\u0165\u00e1k nebo Antick\u00e1 \u0160tvanice potvrzuj\u00ed, \u017ee lid\u00e9 cht\u011bj\u00ed tr\u00e1vit \u010das v&nbsp;p\u0159\u00edjemn\u00e9 atmosf\u00e9\u0159e ostrova, a&nbsp;zahrada jim nab\u00eddne dal\u0161\u00ed d\u016fvod pro\u010d tam zav\u00edtat a&nbsp;hlavn\u011b pro\u010d se tam vracet,\u201c<\/em> \u0159\u00edk\u00e1 MgA. Ivo Kristi\u00e1n Kub\u00e1k, um\u011bleck\u00fd \u0159editel VILY \u0160tvanice a&nbsp;v\u016fd\u010d\u00ed osobnost Tygra v\u00a0t\u00edsni. C\u00edlem je, aby vznikla komunita lid\u00ed, kter\u00e1 se bude sch\u00e1zet nejen v&nbsp;divadeln\u00edm hledi\u0161ti a&nbsp;u&nbsp;venkovn\u00edho posezen\u00ed, ale i&nbsp;nad spole\u010dnou \u00farodou.<\/p>\r\n<p>Projekt komunitn\u00ed zahrady m\u00e1 podporu Magistr\u00e1tu hl. m. Prahy. N\u00e1m\u011bstkyn\u011b prim\u00e1torky pro oblast \u00fazemn\u00edho rozvoje a&nbsp;\u00fazemn\u00edho pl\u00e1nu Mgr. Petra Kol\u00ednsk\u00e1 oce\u0148uje zejm\u00e9na komunitn\u00ed rozm\u011br projektu: \u201e<em>M\u011bstsk\u00e9 zahradni\u010den\u00ed je v\u00fdborn\u00e1 p\u0159\u00edle\u017eitost pro posilov\u00e1n\u00ed vazeb v\u00a0m\u00edstn\u00ed komunit\u011b. Nab\u00edz\u00ed lidem nap\u0159\u00ed\u010d generacemi aktivn\u00ed tr\u00e1ven\u00ed\u00a0voln\u00e9ho \u010dasu, kter\u00e9 si m\u016f\u017ee dovolit opravdu ka\u017ed\u00fd. Komunitn\u00ed zahrady\u00a0jsou fenom\u00e9nem, kter\u00fd bychom m\u011bli pom\u00e1hat rozv\u00edjet. Jsem r\u00e1da, \u017ee\u00a0\u0160tvanice o\u017eije touto novou aktivitou a&nbsp;p\u0159it\u00e1hne z\u00e1jem Pra\u017ean\u016f.\u201c\u00a0<\/em><\/p>\r\n<p>Z\u00e1jem na nov\u00e9m projektu m\u00e1 i&nbsp;M\u011bstsk\u00e1 \u010d\u00e1st Praha&nbsp;7. Radn\u00ed pro podporu podnik\u00e1n\u00ed, zdravotnictv\u00ed, sport a&nbsp;M\u00edstn\u00ed Agendu 21 Franti\u0161ek Voseck\u00fd k\u00a0tomu \u0159ekl: &#8222;<em>Na\u0161\u00edm dlouhodob\u00fdm c\u00edlem je l\u00e9pe vyu\u017e\u00edvat ohromn\u00fd potenci\u00e1l \u0160tvanice a&nbsp;postupn\u011b tento ostrov o\u017eivovat. Jsem proto moc r\u00e1d, \u017ee se VILA \u0160tvanice rozhodla projekt komunitn\u00ed zahrady spustit a&nbsp;v\u011b\u0159\u00edm, \u017ee se v\u0161em p\u011bstitel\u016fm bude na \u0160tvanici l\u00edbit.&#8220;<\/em><\/p>\r\n<p><em>\u201e\u0160tvanice p\u0159edstavuje v\u00fdznamnou rekrea\u010dn\u00ed plochu v\u00a0r\u00e1mci centr\u00e1ln\u00ed Prahy a&nbsp;je nejbli\u017e\u0161\u00ed zelen\u00ed pro obyvatele Hole\u0161ovic. Zlep\u0161ili jsme jej\u00ed dostupnost p\u0159\u00edvozem a&nbsp;u\u017e se p\u0159ipravuje <\/em><br \/>\r\n <em> i&nbsp;dlouho pl\u00e1novan\u00e1 l\u00e1vka. Jsme r\u00e1di, \u017ee ostrov z\u00e1rove\u0148 o\u017e\u00edv\u00e1 kulturn\u00edmi a&nbsp;komunitn\u00edmi aktivitami a&nbsp;lid\u00e9 tam r\u00e1di tr\u00e1v\u00ed \u010das,\u201c<\/em> doplnil starosta Prahy&nbsp;7 Jan \u010ci\u017einsk\u00fd.<\/p>\r\n<p>V komunitn\u00ed zahrad\u011b Tygr v&nbsp;petr\u017eeli z\u00edskaj\u00ed lid\u00e9 \u0161anci, jak si v&nbsp;centru metropole vyp\u011bstovat svou vlastn\u00ed zeleninu, i&nbsp;kdy\u017e nemaj\u00ed pozemek, a&nbsp;nav\u00edc kv\u016fli tomu nebudou muset jezdit pry\u010d z&nbsp;m\u011bsta nebo na druh\u00fd konec Prahy. Zahrada za\u010dne plnohodnotn\u011b fungovat od jara 2019, ale prvn\u00ed akce pro budouc\u00ed p\u011bstitele prob\u011bhnou ji\u017e v&nbsp;leto\u0161n\u00edm roce.<\/p>\r\n<p>&nbsp;<\/p>\r\n<p>V\u00edce informac\u00ed a&nbsp;mo\u017enost registrace z\u00e1jemci najdou na str\u00e1nk\u00e1ch <a href=\"http:\/\/www.tygrvpetrzeli.cz\">www.tygrvpetrzeli.cz<\/a>.<\/p>\r\n<p>&nbsp;<\/p>\r\n<p>&nbsp;<\/p>","protected":false},"excerpt":{"rendered":"[perex] Od 1.&nbsp;\u010dervna 2018 se v&nbsp;z\u00e1padn\u00ed \u010d\u00e1sti Ostrova \u0160tvanice, pobl\u00ed\u017e divadeln\u00edho prostoru VILA \u0160tvanice, za\u010dalo pracovat na komunitn\u00ed zahrad\u011b, kter\u00e1 ponese n\u00e1zev Tygr v&nbsp;petr\u017eeli. Z\u00e1m\u011br vybudovat zahradu vze\u0161el z&nbsp;popudu Magistr\u00e1tu hl. m. Prahy, M\u011bstsk\u00e9 \u010d\u00e1sti Praha&nbsp;7 a&nbsp;divadeln\u00edho spolku Tygr v&nbsp;t\u00edsni, kter\u00fd provozuje v\u00fd\u0161e zm\u00edn\u011bnou VILU, a&nbsp;odtud tedy i&nbsp;n\u00e1zev zahrady. [\/perex] Komunitn\u00ed zahrada chce nav\u00e1zat na [&hellip;]","protected":false},"author":5,"featured_media":17515,"comment_status":"closed","ping_status":"open","sticky":false,"template":"","format":"standard","meta":[],"categories":[34,1],"tags":[],"_links":{"self":[{"href":"https:\/\/www.praha7.cz\/api\/wp\/v2\/posts\/17513"}],"collection":[{"href":"https:\/\/www.praha7.cz\/api\/wp\/v2\/posts"}],"about":[{"href":"https:\/\/www.praha7.cz\/api\/wp\/v2\/types\/post"}],"author":[{"embeddable":true,"href":"https:\/\/www.praha7.cz\/api\/wp\/v2\/users\/5"}],"replies":[{"embeddable":true,"href":"https:\/\/www.praha7.cz\/api\/wp\/v2\/comments?post=17513"}],"version-history":[{"count":2,"href":"https:\/\/www.praha7.cz\/api\/wp\/v2\/posts\/17513\/revisions"}],"predecessor-version":[{"id":17517,"href":"https:\/\/www.praha7.cz\/api\/wp\/v2\/posts\/17513\/revisions\/17517"}],"wp:featuredmedia":[{"embeddable":true,"href":"https:\/\/www.praha7.cz\/api\/wp\/v2\/media\/17515"}],"wp:attachment":[{"href":"https:\/\/www.praha7.cz\/api\/wp\/v2\/media?parent=17513"}],"wp:term":[{"taxonomy":"category","embeddable":true,"href":"https:\/\/www.praha7.cz\/api\/wp\/v2\/categories?post=17513"},{"taxonomy":"post_tag","embeddable":true,"href":"https:\/\/www.praha7.cz\/api\/wp\/v2\/tags?post=17513"}],"curies":[{"name":"wp","href":"https:\/\/api.w.org\/{rel}","templated":true}]}}