    
{"id":17480,"date":"2018-06-19T14:20:14","date_gmt":"2018-06-19T12:20:14","guid":{"rendered":"https:\/\/www.praha7.cz\/?p=17480"},"modified":"2018-06-19T14:20:14","modified_gmt":"2018-06-19T12:20:14","slug":"prvni-studentsky-starosta-prahy-7-byl-uveden-do-funkce","status":"publish","type":"post","link":"https:\/\/www.praha7.cz\/prvni-studentsky-starosta-prahy-7-byl-uveden-do-funkce\/","title":{"rendered":"Prvn\u00ed studentsk\u00fd starosta Prahy&nbsp;7 byl uveden do funkce"},"content":{"rendered":"<p>[perex]<\/p>\r\n<p>Na \u00favod zased\u00e1n\u00ed Zastupitelstva M\u010c Praha&nbsp;7 v\u00a0pond\u011bl\u00ed 18.&nbsp;\u010dervna byl slavnostn\u011b inaugurov\u00e1n prvn\u00ed studentsk\u00fd starosta Prahy&nbsp;7 Tom\u00e1\u0161 Grundza.<\/p>\r\n<p>[\/perex]<\/p>\r\n<p>Osmn\u00e1ctilet\u00e9ho maturanta z&nbsp;Gymn\u00e1zia Nad \u0160tolou si za sv\u00e9ho starostu zvolili \u017e\u00e1ci z\u00a0druh\u00e9ho stupn\u011b z\u00e1kladn\u00edch \u0161kol a&nbsp;studenti st\u0159edn\u00edch \u0161kol sedm\u00e9 m\u011bstsk\u00e9 \u010d\u00e1sti. Volby studentsk\u00e9ho starosty prob\u00edhaly online v\u00a0term\u00ednu od 14.&nbsp;do 20.&nbsp;kv\u011btna. Do voleb se p\u0159ihl\u00e1silo celkem sedm kandid\u00e1t\u016f. Pro Tom\u00e1\u0161e Grundzu se vyslovila v\u00edce ne\u017e t\u0159etina hlasuj\u00edc\u00edch.<\/p>\r\n<p>V\u00edce o&nbsp;volb\u011b studentsk\u00e9ho starosty se do\u010dtete<a href=\"http:\/\/www.praha7.cz\/prvnim-studentskym-starostou-prahy-7-se-stal-osmnactilety-student-tomas-grundza\/\"> zde<\/a>.<\/p>\r\n<p><img loading=\"lazy\" src=\"https:\/\/www.praha7.cz\/wp-content\/uploads\/2018\/06\/inaugurace2-600x400.jpg\" alt=\"\" width=\"600\" height=\"400\" class=\"alignnone size-medium wp-image-17482\" srcset=\"https:\/\/www.praha7.cz\/wp-content\/uploads\/2018\/06\/inaugurace2-600x400.jpg 600w, https:\/\/www.praha7.cz\/wp-content\/uploads\/2018\/06\/inaugurace2-768x512.jpg 768w, https:\/\/www.praha7.cz\/wp-content\/uploads\/2018\/06\/inaugurace2-1500x1000.jpg 1500w\" sizes=\"(max-width: 600px) 100vw, 600px\" \/><\/p>\r\n<p>&nbsp;<\/p>\r\n<p>\u00a0<img loading=\"lazy\" src=\"https:\/\/www.praha7.cz\/wp-content\/uploads\/2018\/06\/inaugurace5-267x400.jpg\" alt=\"\" width=\"267\" height=\"400\" class=\"alignnone size-medium wp-image-17485\" srcset=\"https:\/\/www.praha7.cz\/wp-content\/uploads\/2018\/06\/inaugurace5-267x400.jpg 267w, https:\/\/www.praha7.cz\/wp-content\/uploads\/2018\/06\/inaugurace5-768x1152.jpg 768w, https:\/\/www.praha7.cz\/wp-content\/uploads\/2018\/06\/inaugurace5-667x1000.jpg 667w, https:\/\/www.praha7.cz\/wp-content\/uploads\/2018\/06\/inaugurace5.jpg 1843w\" sizes=\"(max-width: 267px) 100vw, 267px\" \/>\u00a0 \u00a0<img loading=\"lazy\" src=\"https:\/\/www.praha7.cz\/wp-content\/uploads\/2018\/06\/inaugurace4-267x400.jpg\" alt=\"\" width=\"267\" height=\"400\" class=\"alignnone size-medium wp-image-17484\" srcset=\"https:\/\/www.praha7.cz\/wp-content\/uploads\/2018\/06\/inaugurace4-267x400.jpg 267w, https:\/\/www.praha7.cz\/wp-content\/uploads\/2018\/06\/inaugurace4-768x1152.jpg 768w, https:\/\/www.praha7.cz\/wp-content\/uploads\/2018\/06\/inaugurace4-667x1000.jpg 667w, https:\/\/www.praha7.cz\/wp-content\/uploads\/2018\/06\/inaugurace4.jpg 1843w\" sizes=\"(max-width: 267px) 100vw, 267px\" \/><\/p>\r\n<p>&nbsp;<\/p>","protected":false},"excerpt":{"rendered":"[perex] Na \u00favod zased\u00e1n\u00ed Zastupitelstva M\u010c Praha&nbsp;7 v\u00a0pond\u011bl\u00ed 18.&nbsp;\u010dervna byl slavnostn\u011b inaugurov\u00e1n prvn\u00ed studentsk\u00fd starosta Prahy&nbsp;7 Tom\u00e1\u0161 Grundza. [\/perex] Osmn\u00e1ctilet\u00e9ho maturanta z&nbsp;Gymn\u00e1zia Nad \u0160tolou si za sv\u00e9ho starostu zvolili \u017e\u00e1ci z\u00a0druh\u00e9ho stupn\u011b z\u00e1kladn\u00edch \u0161kol a&nbsp;studenti st\u0159edn\u00edch \u0161kol sedm\u00e9 m\u011bstsk\u00e9 \u010d\u00e1sti. Volby studentsk\u00e9ho starosty prob\u00edhaly online v\u00a0term\u00ednu od 14.&nbsp;do 20.&nbsp;kv\u011btna. Do voleb se p\u0159ihl\u00e1silo celkem sedm [&hellip;]","protected":false},"author":5,"featured_media":17481,"comment_status":"closed","ping_status":"open","sticky":false,"template":"","format":"standard","meta":[],"categories":[34],"tags":[],"_links":{"self":[{"href":"https:\/\/www.praha7.cz\/api\/wp\/v2\/posts\/17480"}],"collection":[{"href":"https:\/\/www.praha7.cz\/api\/wp\/v2\/posts"}],"about":[{"href":"https:\/\/www.praha7.cz\/api\/wp\/v2\/types\/post"}],"author":[{"embeddable":true,"href":"https:\/\/www.praha7.cz\/api\/wp\/v2\/users\/5"}],"replies":[{"embeddable":true,"href":"https:\/\/www.praha7.cz\/api\/wp\/v2\/comments?post=17480"}],"version-history":[{"count":1,"href":"https:\/\/www.praha7.cz\/api\/wp\/v2\/posts\/17480\/revisions"}],"predecessor-version":[{"id":17487,"href":"https:\/\/www.praha7.cz\/api\/wp\/v2\/posts\/17480\/revisions\/17487"}],"wp:featuredmedia":[{"embeddable":true,"href":"https:\/\/www.praha7.cz\/api\/wp\/v2\/media\/17481"}],"wp:attachment":[{"href":"https:\/\/www.praha7.cz\/api\/wp\/v2\/media?parent=17480"}],"wp:term":[{"taxonomy":"category","embeddable":true,"href":"https:\/\/www.praha7.cz\/api\/wp\/v2\/categories?post=17480"},{"taxonomy":"post_tag","embeddable":true,"href":"https:\/\/www.praha7.cz\/api\/wp\/v2\/tags?post=17480"}],"curies":[{"name":"wp","href":"https:\/\/api.w.org\/{rel}","templated":true}]}}