    
{"id":17414,"date":"2018-06-19T09:27:42","date_gmt":"2018-06-19T07:27:42","guid":{"rendered":"https:\/\/www.praha7.cz\/?p=17414"},"modified":"2018-06-19T13:50:33","modified_gmt":"2018-06-19T11:50:33","slug":"zapis-do-materske-skoly-visionary","status":"publish","type":"post","link":"https:\/\/www.praha7.cz\/zapis-do-materske-skoly-visionary\/","title":{"rendered":"Z\u00e1pis do mate\u0159sk\u00e9 \u0161koly Visionary"},"content":{"rendered":"<p>[perex]<\/p>\r\n<p>U\u017e p\u0159\u00ed\u0161t\u00ed t\u00fdden prob\u011bhne z\u00e1pis do nov\u00e9 mate\u0159sk\u00e9 \u0161koly Visionary v&nbsp;Argentinsk\u00e9 ulici, kter\u00e1 bude deta\u0161ovan\u00fdm pracovi\u0161t\u011bm mate\u0159sk\u00e9 \u0161koly Tusarova a&nbsp;bude otev\u0159ena od 3.&nbsp;z\u00e1\u0159\u00ed. .<\/p>\r\n<p>Z\u00e1pis prob\u011bhne 28.&nbsp;\u010dervna od 15.00 &#8211; 18.00 hod. v&nbsp;MATE\u0158SK\u00c9 \u0160KOLE TUSAROVA.<\/p>\r\n<p>[\/perex]<\/p>\r\n<p>K z\u00e1pisu budete pot\u0159ebovat:<\/p>\r\n<p>\u2022 Vypln\u011bnou <a href=\"https:\/\/www.praha7.cz\/wp-content\/uploads\/2018\/06\/\u017e\u00e1dost-o-p\u0159ijet\u00ed-m\u0161-visionary-praha-7.doc\">\u017e\u00e1dost o&nbsp;p\u0159ijet\u00ed k&nbsp;p\u0159ed\u0161koln\u00edmu vzd\u011bl\u00e1v\u00e1n\u00ed<\/a><br \/>\r\n \u2022 <a href=\"https:\/\/www.praha7.cz\/wp-content\/uploads\/2018\/06\/Eviden\u010dn\u00ed_list_vyj\u00e1d\u0159en\u00ed_l\u00e9ka\u0159e-2018_19.doc\" rel=\"noopener\">Eviden\u010dn\u00ed list a&nbsp;vyj\u00e1d\u0159en\u00ed l\u00e9ka\u0159e<\/a><br \/>\r\n \u2022 Rodn\u00fd list\u00a0d\u00edt\u011bte<br \/>\r\n \u2022 Ob\u010dansk\u00fd pr\u016fkaz (ob\u010dan\u00e9 jin\u00fdch st\u00e1t\u016f p\u0159edlo\u017e\u00ed pas a&nbsp;doklad o&nbsp;pobytu na \u00fazem\u00ed \u010cR<\/p>\r\n<p>Pokud jste byli u&nbsp;z\u00e1pisu do M\u0160 ji\u017e v\u00a0kv\u011btnu, je mo\u017en\u00e9 si vy\u017e\u00e1dat kopii l\u00e9ka\u0159sk\u00e9ho potvrzen\u00ed v\u00a0eviden\u010dn\u00edm listu v\u00a0M\u0160, kam jste se hl\u00e1sili. V\u00a0p\u0159\u00edpad\u011b jak\u00fdchkoli dotaz\u016f \u010di nejasnost\u00ed se m\u016f\u017eete obracet na \u0159editelku M\u0160 Mgr. Moniku Nezbedovou, tel. 603\u00a0338\u00a0256 nebo na vedouc\u00ed O\u0160K Ing. Ditu V\u00fdborovou, tel. 603\u00a0464\u00a0812.<\/p>\r\n<p>V\u0161e pot\u0159ebn\u00e9 naleznete na webov\u00fdch str\u00e1nk\u00e1ch<a href=\"http:\/\/www.skolatusarova.cz\/index.php\/materska-skolka\" target=\"_blank\" rel=\"noopener\"> \u0161kolky Tusarova<\/a>.<\/p>","protected":false},"excerpt":{"rendered":"[perex] U\u017e p\u0159\u00ed\u0161t\u00ed t\u00fdden prob\u011bhne z\u00e1pis do nov\u00e9 mate\u0159sk\u00e9 \u0161koly Visionary v&nbsp;Argentinsk\u00e9 ulici, kter\u00e1 bude deta\u0161ovan\u00fdm pracovi\u0161t\u011bm mate\u0159sk\u00e9 \u0161koly Tusarova a&nbsp;bude otev\u0159ena od 3.&nbsp;z\u00e1\u0159\u00ed. . Z\u00e1pis prob\u011bhne 28.&nbsp;\u010dervna od 15.00 &#8211; 18.00 hod. v&nbsp;MATE\u0158SK\u00c9 \u0160KOLE TUSAROVA. [\/perex] K&nbsp;z\u00e1pisu budete pot\u0159ebovat: \u2022 Vypln\u011bnou \u017e\u00e1dost o&nbsp;p\u0159ijet\u00ed k&nbsp;p\u0159ed\u0161koln\u00edmu vzd\u011bl\u00e1v\u00e1n\u00ed \u2022 Eviden\u010dn\u00ed list a&nbsp;vyj\u00e1d\u0159en\u00ed l\u00e9ka\u0159e \u2022 Rodn\u00fd list\u00a0d\u00edt\u011bte [&hellip;]","protected":false},"author":4,"featured_media":17415,"comment_status":"closed","ping_status":"open","sticky":false,"template":"","format":"standard","meta":[],"categories":[34,74],"tags":[],"_links":{"self":[{"href":"https:\/\/www.praha7.cz\/api\/wp\/v2\/posts\/17414"}],"collection":[{"href":"https:\/\/www.praha7.cz\/api\/wp\/v2\/posts"}],"about":[{"href":"https:\/\/www.praha7.cz\/api\/wp\/v2\/types\/post"}],"author":[{"embeddable":true,"href":"https:\/\/www.praha7.cz\/api\/wp\/v2\/users\/4"}],"replies":[{"embeddable":true,"href":"https:\/\/www.praha7.cz\/api\/wp\/v2\/comments?post=17414"}],"version-history":[{"count":12,"href":"https:\/\/www.praha7.cz\/api\/wp\/v2\/posts\/17414\/revisions"}],"predecessor-version":[{"id":17476,"href":"https:\/\/www.praha7.cz\/api\/wp\/v2\/posts\/17414\/revisions\/17476"}],"wp:featuredmedia":[{"embeddable":true,"href":"https:\/\/www.praha7.cz\/api\/wp\/v2\/media\/17415"}],"wp:attachment":[{"href":"https:\/\/www.praha7.cz\/api\/wp\/v2\/media?parent=17414"}],"wp:term":[{"taxonomy":"category","embeddable":true,"href":"https:\/\/www.praha7.cz\/api\/wp\/v2\/categories?post=17414"},{"taxonomy":"post_tag","embeddable":true,"href":"https:\/\/www.praha7.cz\/api\/wp\/v2\/tags?post=17414"}],"curies":[{"name":"wp","href":"https:\/\/api.w.org\/{rel}","templated":true}]}}