    
{"id":17326,"date":"2018-06-13T18:24:35","date_gmt":"2018-06-13T16:24:35","guid":{"rendered":"https:\/\/www.praha7.cz\/?p=17326"},"modified":"2018-06-13T18:24:35","modified_gmt":"2018-06-13T16:24:35","slug":"varovani-riziko-padu-stromu-ci-odlomenych-vetvi-ve-stromovce","status":"publish","type":"post","link":"https:\/\/www.praha7.cz\/varovani-riziko-padu-stromu-ci-odlomenych-vetvi-ve-stromovce\/","title":{"rendered":"Varov\u00e1n\u00ed: Riziko p\u00e1du strom\u016f \u010di odlomen\u00fdch v\u011btv\u00ed ve Stromovce"},"content":{"rendered":"<p>[perex]<\/p>\r\n<p>Na z\u00e1klad\u011b sd\u011blen\u00ed hl. m. Prahy upozor\u0148ujeme ob\u010dany, \u017ee po p\u0159edchoz\u00edch intenzivn\u00edch sr\u00e1\u017ek\u00e1ch je p\u016fda v\u00a0parku Stromovka podm\u00e1\u010den\u00e1 a&nbsp;p\u0159i poryvech v\u011btru m\u016f\u017ee doj\u00edt k\u00a0p\u00e1du strom\u016f \u010di v\u011btv\u00ed.<\/p>\r\n<p>[\/perex]<\/p>\r\n<p>V\u00a0pr\u016fb\u011bhu sobotn\u00ed vich\u0159ice ve Stromovce do\u0161lo k\u00a0p\u00e1du n\u011bkolika strom\u016f, kter\u00e9 jsou pr\u016fb\u011b\u017en\u011b odkl\u00edzeny. Zv\u00fd\u0161en\u00e9 riziko zde nad\u00e1le trv\u00e1. \u00a0Vzhledem k\u00a0tomu, \u017ee park m\u00e1 velkou n\u00e1v\u0161t\u011bvnost a&nbsp;prob\u00edh\u00e1 zde mnoho akc\u00ed, vyv\u011bsila \u00fadr\u017eba parku Stromovka u&nbsp;vstup\u016f upozorn\u011bn\u00ed na nebezpe\u010d\u00ed p\u00e1du v\u011btv\u00ed a&nbsp;strom\u016f.<\/p>\r\n<p>Pros\u00edme n\u00e1v\u0161t\u011bvn\u00edky o&nbsp;zv\u00fd\u0161enou opatrnost a&nbsp;omezen\u00ed n\u00e1v\u0161t\u011bvy Stromovky v\u00a0p\u0159\u00edpad\u011b nep\u0159\u00edzniv\u00fdch klimatick\u00fdch podm\u00ednek.<\/p>","protected":false},"excerpt":{"rendered":"[perex] Na z\u00e1klad\u011b sd\u011blen\u00ed hl. m. Prahy upozor\u0148ujeme ob\u010dany, \u017ee po p\u0159edchoz\u00edch intenzivn\u00edch sr\u00e1\u017ek\u00e1ch je p\u016fda v\u00a0parku Stromovka podm\u00e1\u010den\u00e1 a&nbsp;p\u0159i poryvech v\u011btru m\u016f\u017ee doj\u00edt k\u00a0p\u00e1du strom\u016f \u010di v\u011btv\u00ed. [\/perex] V\u00a0pr\u016fb\u011bhu sobotn\u00ed vich\u0159ice ve Stromovce do\u0161lo k\u00a0p\u00e1du n\u011bkolika strom\u016f, kter\u00e9 jsou pr\u016fb\u011b\u017en\u011b odkl\u00edzeny. Zv\u00fd\u0161en\u00e9 riziko zde nad\u00e1le trv\u00e1. \u00a0Vzhledem k\u00a0tomu, \u017ee park m\u00e1 velkou n\u00e1v\u0161t\u011bvnost a&nbsp;prob\u00edh\u00e1 [&hellip;]","protected":false},"author":5,"featured_media":17327,"comment_status":"closed","ping_status":"open","sticky":false,"template":"","format":"standard","meta":[],"categories":[34],"tags":[],"_links":{"self":[{"href":"https:\/\/www.praha7.cz\/api\/wp\/v2\/posts\/17326"}],"collection":[{"href":"https:\/\/www.praha7.cz\/api\/wp\/v2\/posts"}],"about":[{"href":"https:\/\/www.praha7.cz\/api\/wp\/v2\/types\/post"}],"author":[{"embeddable":true,"href":"https:\/\/www.praha7.cz\/api\/wp\/v2\/users\/5"}],"replies":[{"embeddable":true,"href":"https:\/\/www.praha7.cz\/api\/wp\/v2\/comments?post=17326"}],"version-history":[{"count":2,"href":"https:\/\/www.praha7.cz\/api\/wp\/v2\/posts\/17326\/revisions"}],"predecessor-version":[{"id":17329,"href":"https:\/\/www.praha7.cz\/api\/wp\/v2\/posts\/17326\/revisions\/17329"}],"wp:featuredmedia":[{"embeddable":true,"href":"https:\/\/www.praha7.cz\/api\/wp\/v2\/media\/17327"}],"wp:attachment":[{"href":"https:\/\/www.praha7.cz\/api\/wp\/v2\/media?parent=17326"}],"wp:term":[{"taxonomy":"category","embeddable":true,"href":"https:\/\/www.praha7.cz\/api\/wp\/v2\/categories?post=17326"},{"taxonomy":"post_tag","embeddable":true,"href":"https:\/\/www.praha7.cz\/api\/wp\/v2\/tags?post=17326"}],"curies":[{"name":"wp","href":"https:\/\/api.w.org\/{rel}","templated":true}]}}