    
{"id":17323,"date":"2018-06-13T17:16:07","date_gmt":"2018-06-13T15:16:07","guid":{"rendered":"https:\/\/www.praha7.cz\/?p=17323"},"modified":"2018-06-13T17:16:07","modified_gmt":"2018-06-13T15:16:07","slug":"zasadte-si-kvetiny-na-sedmicce","status":"publish","type":"post","link":"https:\/\/www.praha7.cz\/zasadte-si-kvetiny-na-sedmicce\/","title":{"rendered":"Zasa\u010fte si kv\u011btiny na Sedmi\u010dce"},"content":{"rendered":"<p>[perex]<\/p>\r\n<p>Truhl\u00edky v\u00a0ulici Nad \u0160tolou jsou p\u0159ipraveny k&nbsp;osazen\u00ed okrasn\u00fdmi ke\u0159i \u2013 muchovn\u00edky. \u00a0V\u00fdsadba je napl\u00e1nov\u00e1na na podzim tohoto roku. Po n\u00e1sleduj\u00edc\u00edch n\u011bkolik m\u011bs\u00edc\u016f jsou proto n\u00e1doby k\u00a0dispozici pro z\u00e1jemce z\u00a0\u0159ad m\u00edstn\u00edch obyvatel, kte\u0159\u00ed by m\u011bli chu\u0165 zde n\u011bjak\u00e9 rostliny vysadit a&nbsp;pe\u010dovat o&nbsp;n\u011b.<\/p>\r\n<p>[\/perex]<\/p>\r\n<p>Jako vhodn\u00e9 druhy doporu\u010dujeme ni\u017e\u0161\u00ed letni\u010dky do p\u016fl metru. Nedoporu\u010dujeme kv\u011btiny v\u011bt\u0161\u00edho vzr\u016fstu, kter\u00e9 se snadno vyvracej\u00ed a&nbsp;mohou p\u0159ek\u00e1\u017eet ve vozovce i&nbsp;chodn\u00edku. Tak\u00e9 zde nejsou vhodn\u00e9 podm\u00ednky pro p\u011bstov\u00e1n\u00ed zeleniny. Pros\u00edme rovn\u011b\u017e o&nbsp;respektov\u00e1n\u00ed, \u017ee po okraj\u00edch n\u00e1dob jsou vysazeny tulip\u00e1ny, kter\u00e9 bychom r\u00e1di zachovali i&nbsp;pro p\u0159\u00ed\u0161t\u00ed jaro.<\/p>\r\n<p>D\u011bkujeme V\u00e1m za z\u00e1jem o&nbsp;zkr\u00e1\u0161lov\u00e1n\u00ed ve\u0159ejn\u00e9ho prostoru v\u00a0Praze 7.<\/p>","protected":false},"excerpt":{"rendered":"[perex] Truhl\u00edky v\u00a0ulici Nad \u0160tolou jsou p\u0159ipraveny k&nbsp;osazen\u00ed okrasn\u00fdmi ke\u0159i \u2013 muchovn\u00edky. \u00a0V\u00fdsadba je napl\u00e1nov\u00e1na na podzim tohoto roku. Po n\u00e1sleduj\u00edc\u00edch n\u011bkolik m\u011bs\u00edc\u016f jsou proto n\u00e1doby k\u00a0dispozici pro z\u00e1jemce z\u00a0\u0159ad m\u00edstn\u00edch obyvatel, kte\u0159\u00ed by m\u011bli chu\u0165 zde n\u011bjak\u00e9 rostliny vysadit a&nbsp;pe\u010dovat o&nbsp;n\u011b. [\/perex] Jako vhodn\u00e9 druhy doporu\u010dujeme ni\u017e\u0161\u00ed letni\u010dky do p\u016fl metru. Nedoporu\u010dujeme kv\u011btiny v\u011bt\u0161\u00edho [&hellip;]","protected":false},"author":5,"featured_media":17324,"comment_status":"closed","ping_status":"open","sticky":false,"template":"","format":"standard","meta":[],"categories":[34],"tags":[],"_links":{"self":[{"href":"https:\/\/www.praha7.cz\/api\/wp\/v2\/posts\/17323"}],"collection":[{"href":"https:\/\/www.praha7.cz\/api\/wp\/v2\/posts"}],"about":[{"href":"https:\/\/www.praha7.cz\/api\/wp\/v2\/types\/post"}],"author":[{"embeddable":true,"href":"https:\/\/www.praha7.cz\/api\/wp\/v2\/users\/5"}],"replies":[{"embeddable":true,"href":"https:\/\/www.praha7.cz\/api\/wp\/v2\/comments?post=17323"}],"version-history":[{"count":1,"href":"https:\/\/www.praha7.cz\/api\/wp\/v2\/posts\/17323\/revisions"}],"predecessor-version":[{"id":17325,"href":"https:\/\/www.praha7.cz\/api\/wp\/v2\/posts\/17323\/revisions\/17325"}],"wp:featuredmedia":[{"embeddable":true,"href":"https:\/\/www.praha7.cz\/api\/wp\/v2\/media\/17324"}],"wp:attachment":[{"href":"https:\/\/www.praha7.cz\/api\/wp\/v2\/media?parent=17323"}],"wp:term":[{"taxonomy":"category","embeddable":true,"href":"https:\/\/www.praha7.cz\/api\/wp\/v2\/categories?post=17323"},{"taxonomy":"post_tag","embeddable":true,"href":"https:\/\/www.praha7.cz\/api\/wp\/v2\/tags?post=17323"}],"curies":[{"name":"wp","href":"https:\/\/api.w.org\/{rel}","templated":true}]}}