    
{"id":17309,"date":"2018-06-13T14:12:06","date_gmt":"2018-06-13T12:12:06","guid":{"rendered":"https:\/\/www.praha7.cz\/?p=17309"},"modified":"2025-12-02T13:02:38","modified_gmt":"2025-12-02T12:02:38","slug":"pripominky-k-metropolitnimu-planu","status":"publish","type":"post","link":"https:\/\/www.praha7.cz\/pripominky-k-metropolitnimu-planu\/","title":{"rendered":"Praha&nbsp;7 schv\u00e1lila p\u0159ipom\u00ednky k&nbsp;Metropolitn\u00edmu pl\u00e1nu"},"content":{"rendered":"<p>[perex]<\/p>\r\n<p>Zastupitelstvo M\u010c Praha&nbsp;7 na sv\u00e9m mimo\u0159\u00e1dn\u00e9m zased\u00e1n\u00ed dne 23.&nbsp;7.&nbsp;schv\u00e1lilo p\u0159ipom\u00ednky k\u00a0Metropolitn\u00edmu pl\u00e1nu. M\u011bstsk\u00e1 \u010d\u00e1st chce mimo jin\u00e9 ohl\u00eddat v\u00fd\u0161ku z\u00e1stavby na sv\u00e9m \u00fazem\u00ed, zele\u0148 ve vnitrobloc\u00edch a&nbsp;zastav\u011bn\u00fdch \u010d\u00e1stech m\u011bsta, zapracovat podrobn\u00fd n\u00e1vrh rozvoje Nov\u00fdch Bubn\u016f \u010di chr\u00e1nit lokalitu Letn\u00e9.<\/p>\r\n<p>[\/perex]<\/p>\r\n<p><em>\u201eNov\u00fd \u00fazemn\u00ed pl\u00e1n Prahy v\u00fdznamn\u011b ovlivn\u00ed rozvoj m\u011bsta na dal\u0161\u00edch minim\u00e1ln\u011b deset let, sp\u00ed\u0161e je\u0161t\u011b d\u00e9le. Bude slou\u017eit jako st\u011b\u017eejn\u00ed n\u00e1stroj pro rozhodov\u00e1n\u00ed o&nbsp;tom, co se na ka\u017ed\u00e9m \u00fazem\u00ed \u010di pozemku bude moci zm\u011bnit. Proto jsme tomuto dokumentu v\u011bnovali velkou pozornost, podrobn\u011b jsme jej analyzovali, komunikovali s\u00a0ob\u010dany i&nbsp;odborn\u00edky a&nbsp;naslouchali jejich p\u0159ipom\u00ednk\u00e1m,\u201c<\/em> uvedla <em><strong>radn\u00ed Prahy&nbsp;7 Lenka Burgerov\u00e1 (PRAHA&nbsp;7 SOB\u011a)<\/strong><\/em>.<\/p>\r\n<p><em>\u201ePova\u017eujeme za d\u016fle\u017eit\u00e9 zajistit dostate\u010dn\u00e9 mno\u017estv\u00ed zelen\u011b, pohodlnou a&nbsp;bezpe\u010dnou prostupnost cel\u00e9ho \u00fazem\u00ed na\u0161\u00ed m\u011bstsk\u00e9 \u010d\u00e1sti \u010di regulaci v\u00fd\u0161ky budouc\u00ed z\u00e1stavby,\u201c<\/em> \u0159ekl <em><strong>Jan \u010ci\u017einsk\u00fd, starosta Prahy&nbsp;7 a&nbsp;kandid\u00e1t na prim\u00e1tora za iniciativu PRAHA SOB\u011a<\/strong><\/em>.<\/p>\r\n<p>&nbsp;<\/p>\r\n<p>Praha&nbsp;7 po\u017eaduje:<\/p>\r\n<ul>\r\n\t<li>\u00dapravu Metropolitn\u00edm pl\u00e1nem navr\u017een\u00e9 v\u00fd\u0161kov\u00e9 regulace z\u00e1stavby, aby odpov\u00eddala charakteru st\u00e1vaj\u00edc\u00edch okoln\u00edch staveb bez mo\u017en\u00e9 v\u00fdstavby v\u00fdrazn\u00fdch v\u00fd\u0161kov\u00fdch dominant. M\u011bstsk\u00e1 \u010d\u00e1st po\u017eaduje sn\u00ed\u017een\u00ed navr\u017een\u00fdch v\u00fd\u0161ek v\u011b\u017e\u00ed a&nbsp;v\u00fdraznou redukci t\u011bchto ploch. Z\u00e1rove\u0148 po\u017eaduje u&nbsp;st\u00e1vaj\u00edc\u00ed stabilizovan\u00e9 z\u00e1stavby neumo\u017enit jej\u00ed dal\u0161\u00ed ne\u00fam\u011brn\u00e9 navy\u0161ov\u00e1n\u00ed pod\u00e9l navr\u017een\u00fdch m\u011bstsk\u00fdch t\u0159\u00edd.<\/li>\r\n\t<li>Chr\u00e1nit zele\u0148 sou\u010dasn\u00fdch i&nbsp;nov\u00fdch vnitroblok\u016f a&nbsp;jejich rekrea\u010dn\u00ed potenci\u00e1l pro obyvatele v\u010detn\u011b ochrany rostl\u00e9ho ter\u00e9nu, kter\u00fd umo\u017en\u00ed vsakov\u00e1n\u00ed de\u0161\u0165ov\u00fdch vod. T\u00edm m\u016f\u017ee doj\u00edt ke zlep\u0161en\u00ed \u017eivotn\u00edho prost\u0159ed\u00ed a&nbsp;klimatu ve m\u011bst\u011b.<\/li>\r\n\t<li>Zlep\u0161it pr\u016fchodnost z\u00e1stavbou zanesen\u00edm d\u016fle\u017eit\u00fdch p\u011b\u0161\u00edch a&nbsp;cyklistick\u00fdch propojen\u00ed do Metropolitn\u00edho pl\u00e1nu.<\/li>\r\n<\/ul>\r\n<p>&nbsp;<\/p>\r\n<p><em>\u201eZa velmi v\u00fdznamn\u00e9 pova\u017eujeme tak\u00e9 podrobn\u00e9 zpracov\u00e1n\u00ed rozvoje lokality Nov\u00e9 Bubny v\u00a0souladu se zad\u00e1n\u00edm p\u0159ipravovan\u00e9 \u00fazemn\u00ed studie. Velkou pozornost v\u011bnujeme rovn\u011b\u017e oblasti Letn\u00e9, kterou je t\u0159eba chr\u00e1nit jako sou\u010d\u00e1st historick\u00e9ho centra a&nbsp;pam\u00e1tkov\u00e9 z\u00f3ny a&nbsp;zajistit zachov\u00e1n\u00ed jej\u00ed st\u00e1vaj\u00edc\u00ed mimo\u0159\u00e1dn\u011b ucelen\u00e9 struktury z\u00e1stavby,\u201c<\/em> doplnila <em><strong>Lenka Burgerov\u00e1<\/strong><\/em>.<\/p>\r\n<p>&nbsp;<\/p>\r\n<p>Praha&nbsp;7 tak\u00e9 po\u017eaduje:<\/p>\r\n<ul>\r\n\t<li>Doplnit popis tzv. \u201ec\u00edlov\u00e9ho charakteru\u201c v\u00a0kryc\u00edch listech jednotliv\u00fdch lokalit tak, aby dostate\u010dn\u011b p\u0159esn\u011b vystihoval \u017e\u00e1douc\u00ed sm\u011br rozvoje a&nbsp;popsal konkr\u00e9tn\u00ed charakteristiky, kter\u00e9 je v\u00a0\u00fazem\u00ed t\u0159eba chr\u00e1nit a&nbsp;podporovat. To je d\u016fle\u017eit\u00e9 p\u0159edev\u0161\u00edm proto, aby se kryc\u00ed list lokality mohl st\u00e1t kvalitn\u00edm podkladem pro rozhodov\u00e1n\u00ed o&nbsp;jednotliv\u00fdch projektech.<\/li>\r\n\t<li>Neroz\u0161i\u0159ovat zastaviteln\u00e9 plochy v&nbsp;z\u00e1plavov\u00e9m \u00fazem\u00ed a&nbsp;nav\u00fd\u0161it zde rekrea\u010dn\u00ed vyu\u017eit\u00ed.<\/li>\r\n\t<li>Vymezit a&nbsp;zazna\u010dit v\u0161echny plochy ob\u010dansk\u00e9 vybavenosti tak, aby bylo do budoucna garantov\u00e1no jejich zachov\u00e1n\u00ed.<\/li>\r\n<\/ul>\r\n<p>&nbsp;<\/p>\r\n<p><strong>\u00a0Kompletn\u00ed p\u0159ipom\u00ednky M\u010c Praha&nbsp;7 k\u00a0Metropolitn\u00edmu pl\u00e1nu naleznete <a href=\"https:\/\/www.praha7.cz\/wp-content\/uploads\/2018\/06\/P\u0159ipom\u00ednky-M\u010c-Praha-7-k-n\u00e1vrhu-Metropolitn\u00edho-pl\u00e1nu-2.pdf\">zde<\/a>.<\/strong><\/p>\r\n<p>&nbsp;<\/p>\r\n<hr \/>\r\n<p><em>\u00a0M\u011bstsk\u00e1 \u010d\u00e1st Praha&nbsp;7 m\u00e1 za sebou prvn\u00ed kolo p\u0159ipom\u00ednkov\u00e1n\u00ed Metropolitn\u00edho pl\u00e1nu v\u00a0r\u00e1mci f\u00e1ze spole\u010dn\u00e9ho jedn\u00e1n\u00ed. K&nbsp;jeho schv\u00e1len\u00ed v\u0161ak vede je\u0161t\u011b dlouh\u00e1 cesta.\u00a0 Po vypo\u0159\u00e1d\u00e1n\u00ed v\u0161ech zaslan\u00fdch p\u0159ipom\u00ednek bude dal\u0161\u00edm krokem tzv. ve\u0159ejn\u00e9 projedn\u00e1n\u00ed, kdy se bude m\u011bstsk\u00e1 \u010d\u00e1st i&nbsp;ve\u0159ejnost op\u011bt moci spole\u010dn\u011b zapojit do diskuze nad t\u00edmto dokumentem sv\u00fdmi p\u0159ipom\u00ednkami a&nbsp;n\u00e1mitkami.<\/em><\/p>\r\n<p>&nbsp;<\/p>\r\n<p>&nbsp;<\/p>","protected":false},"excerpt":{"rendered":"[perex] Zastupitelstvo M\u010c Praha&nbsp;7 na sv\u00e9m mimo\u0159\u00e1dn\u00e9m zased\u00e1n\u00ed dne 23.&nbsp;7.&nbsp;schv\u00e1lilo p\u0159ipom\u00ednky k\u00a0Metropolitn\u00edmu pl\u00e1nu. M\u011bstsk\u00e1 \u010d\u00e1st chce mimo jin\u00e9 ohl\u00eddat v\u00fd\u0161ku z\u00e1stavby na sv\u00e9m \u00fazem\u00ed, zele\u0148 ve vnitrobloc\u00edch a&nbsp;zastav\u011bn\u00fdch \u010d\u00e1stech m\u011bsta, zapracovat podrobn\u00fd n\u00e1vrh rozvoje Nov\u00fdch Bubn\u016f \u010di chr\u00e1nit lokalitu Letn\u00e9. [\/perex] \u201eNov\u00fd \u00fazemn\u00ed pl\u00e1n Prahy v\u00fdznamn\u011b ovlivn\u00ed rozvoj m\u011bsta na dal\u0161\u00edch minim\u00e1ln\u011b deset let, sp\u00ed\u0161e [&hellip;]","protected":false},"author":4,"featured_media":16277,"comment_status":"closed","ping_status":"open","sticky":false,"template":"","format":"standard","meta":[],"categories":[36,74],"tags":[145,110],"_links":{"self":[{"href":"https:\/\/www.praha7.cz\/api\/wp\/v2\/posts\/17309"}],"collection":[{"href":"https:\/\/www.praha7.cz\/api\/wp\/v2\/posts"}],"about":[{"href":"https:\/\/www.praha7.cz\/api\/wp\/v2\/types\/post"}],"author":[{"embeddable":true,"href":"https:\/\/www.praha7.cz\/api\/wp\/v2\/users\/4"}],"replies":[{"embeddable":true,"href":"https:\/\/www.praha7.cz\/api\/wp\/v2\/comments?post=17309"}],"version-history":[{"count":16,"href":"https:\/\/www.praha7.cz\/api\/wp\/v2\/posts\/17309\/revisions"}],"predecessor-version":[{"id":18103,"href":"https:\/\/www.praha7.cz\/api\/wp\/v2\/posts\/17309\/revisions\/18103"}],"wp:featuredmedia":[{"embeddable":true,"href":"https:\/\/www.praha7.cz\/api\/wp\/v2\/media\/16277"}],"wp:attachment":[{"href":"https:\/\/www.praha7.cz\/api\/wp\/v2\/media?parent=17309"}],"wp:term":[{"taxonomy":"category","embeddable":true,"href":"https:\/\/www.praha7.cz\/api\/wp\/v2\/categories?post=17309"},{"taxonomy":"post_tag","embeddable":true,"href":"https:\/\/www.praha7.cz\/api\/wp\/v2\/tags?post=17309"}],"curies":[{"name":"wp","href":"https:\/\/api.w.org\/{rel}","templated":true}]}}