    
{"id":17274,"date":"2018-06-12T11:17:44","date_gmt":"2018-06-12T09:17:44","guid":{"rendered":"https:\/\/www.praha7.cz\/?p=17274"},"modified":"2018-06-12T11:17:44","modified_gmt":"2018-06-12T09:17:44","slug":"deti-se-na-vystavisti-pripravi-na-bezpecne-prazdniny","status":"publish","type":"post","link":"https:\/\/www.praha7.cz\/deti-se-na-vystavisti-pripravi-na-bezpecne-prazdniny\/","title":{"rendered":"D\u011bti se na V\u00fdstavi\u0161ti p\u0159iprav\u00ed na bezpe\u010dn\u00e9 pr\u00e1zdniny"},"content":{"rendered":"<p>[perex]<\/p>\r\n<p>Ve \u010dtvrtek 14.&nbsp;\u010dervna 2018 se na V\u00fdstavi\u0161ti Praha Hole\u0161ovice uskute\u010dn\u00ed ji\u017e 12.&nbsp;ro\u010dn\u00edk celopra\u017esk\u00e9 z\u00e1bavn\u011b-preventivn\u00ed akce Bezpe\u010dn\u00e9 pr\u00e1zdniny. Projekt zam\u011b\u0159en\u00fd na n\u00e1strahy a&nbsp;nebezpe\u010d\u00ed, jim\u017e mohou b\u00fdt d\u011bti vystaveny b\u011bhem pr\u00e1zdninov\u00e9ho obdob\u00ed, po\u0159\u00e1d\u00e1 M\u010c Praha&nbsp;7 za finan\u010dn\u00ed podpory hl. m. Prahy. Letos se Bezpe\u010dn\u00fdch pr\u00e1zdnin z\u00fa\u010dastn\u00ed na 2&nbsp;500 d\u011bt\u00ed ze\u00a013 pra\u017esk\u00fdch m\u011bstsk\u00fdch \u010d\u00e1st\u00ed.<\/p>\r\n<p>[\/perex]<\/p>\r\n<p><em>\u201eLetn\u00ed pr\u00e1zdniny jsou pro d\u011bti \u010dasem dobrodru\u017estv\u00ed, her a&nbsp;z\u00e1bavy. Z\u00e1rove\u0148 je to v\u0161ak tak\u00e9 obdob\u00ed, kdy se re\u017eim d\u011bt\u00ed z\u00e1sadn\u011b m\u011bn\u00ed. Nechod\u00ed do \u0161koly a&nbsp;<\/em><em>maj\u00ed v\u00edce voln\u00e9ho \u010dasu, kter\u00fd mnohdy tr\u00e1v\u00ed bez dohledu rodi\u010d\u016f. Smyslem akce Bezpe\u010dn\u00e9 pr\u00e1zdniny je p\u0159ipravit d\u011bti na rizika, kter\u00e1 jim v\u00a0tomto obdob\u00ed hroz\u00ed,\u201c<\/em> uvedl <strong><em>m\u00edstostarosta Prahy&nbsp;7 Ond\u0159ej Mirovsk\u00fd (Strana zelen\u00fdch)<\/em><\/strong>.<\/p>\r\n<p><em><strong>Bezpe\u010dn\u00e9 pr\u00e1zdniny se uskute\u010dn\u00ed v\u00a0are\u00e1lu V\u00fdstavi\u0161t\u011b Praha Hole\u0161ovice od 9.00 do 13.00 hodin.<\/strong><\/em><\/p>\r\n<p>Akce je t\u00e9maticky zam\u011b\u0159ena na \u017e\u00e1ky 1. \u2013 5.&nbsp;t\u0159\u00edd z\u00e1kladn\u00edch \u0161kol. D\u011bti se v\u00a0r\u00e1mci bohat\u00e9ho programu sezn\u00e1m\u00ed z&nbsp;\u0159adou u\u017eite\u010dn\u00fdch informac\u00ed z\u00a0oblasti bezpe\u010dnosti silni\u010dn\u00edho provozu<br \/>\r\n \u010di nebezpe\u010d\u00ed p\u0159i sportu a&nbsp;dal\u0161\u00edch pr\u00e1zdninov\u00fdch aktivit\u00e1ch. Pouk\u00e1z\u00e1no bude i&nbsp;na rizika, kter\u00e1 jim hroz\u00ed, kdy\u017e z\u016fstanou samotn\u00e9 doma. Z\u00e1rove\u0148 se dozv\u011bd\u00ed, jak poskytnout prvn\u00ed pomoc nebo jak zavolat z\u00e1chrannou slu\u017ebu, hasi\u010de \u010di policii. Nahl\u00e9dnou tak\u00e9 do problematiky drog, \u0161ikany a&nbsp;obt\u011b\u017eov\u00e1n\u00ed. V&nbsp;sout\u011b\u017e\u00edch pak dostanou p\u0159\u00edle\u017eitost si sv\u00e9 nov\u011b nabyt\u00e9 poznatky otestovat. P\u0159ipravena je \u0159ada cen a&nbsp;d\u00e1rk\u016f. Ka\u017ed\u00fd z&nbsp;\u00fa\u010dastn\u00edk\u016f z\u00e1rove\u0148 obdr\u017e\u00ed informa\u010dn\u00ed bro\u017eurku Bezpe\u010dn\u00e9 pr\u00e1zdniny, kterou M\u010c Praha&nbsp;7 vyd\u00e1v\u00e1 jako praktick\u00e9ho r\u00e1dce a&nbsp;pomocn\u00edka p\u0159i krizov\u00fdch situac\u00edch.<\/p>\r\n<p>V\u00a0pr\u016fb\u011bhu akce vystoup\u00ed na p\u00f3diu anim\u00e1to\u0159i s\u00a0hrami a&nbsp;sout\u011b\u017eemi.<\/p>\r\n<p>Na Bezpe\u010dn\u00fdch pr\u00e1zdnin\u00e1ch budou m\u00edt sv\u00e1 stanovi\u0161t\u011b: Policie \u010cR, Krajsk\u00e9 vojensk\u00e9 velitelstv\u00ed, M\u011bstsk\u00e1 policie, Hasi\u010dsk\u00fd z\u00e1chrann\u00fd sbor, Zdravotnick\u00e1 z\u00e1chrann\u00e1 slu\u017eba, Imperativ, Linka bezpe\u010d\u00ed, PROGRESSIVE, Centrum prim\u00e1rn\u00ed prevence Drop In, o.p.s., BESIP, YMCA Praha, Zdrav\u00ed-\u017eivot, ZOO Praha, \u010cesk\u00fd \u010derven\u00fd k\u0159\u00ed\u017e, \u010cesk\u00e1 koalice proti tab\u00e1ku, Promot\u00fdm Praha.<\/p>","protected":false},"excerpt":{"rendered":"[perex] Ve \u010dtvrtek 14.&nbsp;\u010dervna 2018 se na V\u00fdstavi\u0161ti Praha Hole\u0161ovice uskute\u010dn\u00ed ji\u017e 12.&nbsp;ro\u010dn\u00edk celopra\u017esk\u00e9 z\u00e1bavn\u011b-preventivn\u00ed akce Bezpe\u010dn\u00e9 pr\u00e1zdniny. Projekt zam\u011b\u0159en\u00fd na n\u00e1strahy a&nbsp;nebezpe\u010d\u00ed, jim\u017e mohou b\u00fdt d\u011bti vystaveny b\u011bhem pr\u00e1zdninov\u00e9ho obdob\u00ed, po\u0159\u00e1d\u00e1 M\u010c Praha&nbsp;7 za finan\u010dn\u00ed podpory hl. m. Prahy. Letos se Bezpe\u010dn\u00fdch pr\u00e1zdnin z\u00fa\u010dastn\u00ed na 2&nbsp;500 d\u011bt\u00ed ze\u00a013 pra\u017esk\u00fdch m\u011bstsk\u00fdch \u010d\u00e1st\u00ed. [\/perex] \u201eLetn\u00ed pr\u00e1zdniny [&hellip;]","protected":false},"author":5,"featured_media":17276,"comment_status":"closed","ping_status":"open","sticky":false,"template":"","format":"standard","meta":[],"categories":[34,74],"tags":[],"_links":{"self":[{"href":"https:\/\/www.praha7.cz\/api\/wp\/v2\/posts\/17274"}],"collection":[{"href":"https:\/\/www.praha7.cz\/api\/wp\/v2\/posts"}],"about":[{"href":"https:\/\/www.praha7.cz\/api\/wp\/v2\/types\/post"}],"author":[{"embeddable":true,"href":"https:\/\/www.praha7.cz\/api\/wp\/v2\/users\/5"}],"replies":[{"embeddable":true,"href":"https:\/\/www.praha7.cz\/api\/wp\/v2\/comments?post=17274"}],"version-history":[{"count":1,"href":"https:\/\/www.praha7.cz\/api\/wp\/v2\/posts\/17274\/revisions"}],"predecessor-version":[{"id":17277,"href":"https:\/\/www.praha7.cz\/api\/wp\/v2\/posts\/17274\/revisions\/17277"}],"wp:featuredmedia":[{"embeddable":true,"href":"https:\/\/www.praha7.cz\/api\/wp\/v2\/media\/17276"}],"wp:attachment":[{"href":"https:\/\/www.praha7.cz\/api\/wp\/v2\/media?parent=17274"}],"wp:term":[{"taxonomy":"category","embeddable":true,"href":"https:\/\/www.praha7.cz\/api\/wp\/v2\/categories?post=17274"},{"taxonomy":"post_tag","embeddable":true,"href":"https:\/\/www.praha7.cz\/api\/wp\/v2\/tags?post=17274"}],"curies":[{"name":"wp","href":"https:\/\/api.w.org\/{rel}","templated":true}]}}