    
{"id":17203,"date":"2018-06-07T15:54:41","date_gmt":"2018-06-07T13:54:41","guid":{"rendered":"https:\/\/www.praha7.cz\/?p=17203"},"modified":"2018-06-07T15:55:00","modified_gmt":"2018-06-07T13:55:00","slug":"praha-7-privitala-charitativni-cyklotour-na-podporu-onkologicky-nemocnych-deti","status":"publish","type":"post","link":"https:\/\/www.praha7.cz\/praha-7-privitala-charitativni-cyklotour-na-podporu-onkologicky-nemocnych-deti\/","title":{"rendered":"Praha&nbsp;7 p\u0159iv\u00edtala charitativn\u00ed cyklotour na podporu onkologicky nemocn\u00fdch d\u011bt\u00ed"},"content":{"rendered":"<p>[perex]<\/p>\r\n<p>Praha&nbsp;7 se ve \u010dtvrtek 7.&nbsp;6.&nbsp;stala d\u011bji\u0161t\u011bm 8.&nbsp;etapy IX. ro\u010dn\u00edku charitativn\u00ed cyklotour Na kole d\u011btem \u2013 sportovn\u00edho projektu na podporu onkologicky nemocn\u00fdch d\u011bt\u00ed. K&nbsp;pelotonu cyklist\u016f v&nbsp;\u010dele s\u00a0organiz\u00e1torem akce Josefem Zimov\u010d\u00e1kem se p\u0159i zast\u00e1vce v&nbsp;N\u00e1rodn\u00edm zem\u011bd\u011blsk\u00e9m muzeu p\u0159ipojil tak\u00e9 starosta Prahy&nbsp;7 Jan \u010ci\u017einsk\u00fd. \u00a0<\/p>\r\n<p>[\/perex]<\/p>\r\n<p>Na kole d\u011btem \u2013 nada\u010dn\u00ed fond Josefa Zimov\u010d\u00e1ka na podporu onkologicky nemocn\u00fdch d\u011bt\u00ed vznikl v&nbsp;roce 2010 jako benefi\u010dn\u00ed sou\u010d\u00e1st sportovn\u00edho projektu Na kole d\u011btem. C\u00edlen\u00fdmi aktivitami se sna\u017e\u00ed roz\u0161\u00ed\u0159it mo\u017enosti solidarity, tolik pot\u0159ebn\u00e9 finan\u010dn\u00ed pomoci a&nbsp;podpory d\u011bt\u00ed v&nbsp;boji proti rakovin\u011b. Svoj\u00ed \u010dinnost\u00ed se zam\u011b\u0159uje p\u0159edev\u0161\u00edm na sportovn\u00ed aktivity a&nbsp;zaji\u0161t\u011bn\u00ed rekondi\u010dn\u00edch pobyt\u016f, kter\u00e9 usnad\u0148uj\u00ed d\u011btem a&nbsp;jejich rodi\u010d\u016fm p\u0159ekon\u00e1vat traumata zp\u016fsoben\u00e1 t\u011b\u017ekou nemoc\u00ed.<\/p>\r\n<p>Projekt Na kole d\u011btem se kon\u00e1 pod z\u00e1\u0161titou starosty M\u010c Praha&nbsp;7 Jana \u010ci\u017einsk\u00e9ho, za finan\u010dn\u00ed podpory sedm\u00e9 m\u011bstsk\u00e9 \u010d\u00e1sti.<\/p>\r\n<p>V\u00edce informac\u00ed naleznete<a href=\"http:\/\/nakoledetem.cz\"> zde<\/a>.\u00a0<\/p>\r\n<p>&nbsp;<\/p>\r\n<p><img loading=\"lazy\" src=\"https:\/\/www.praha7.cz\/wp-content\/uploads\/2018\/06\/Na-kole-d\u011btem-2-600x400.jpg\" alt=\"\" width=\"600\" height=\"400\" class=\"alignnone size-medium wp-image-17205\" srcset=\"https:\/\/www.praha7.cz\/wp-content\/uploads\/2018\/06\/Na-kole-d\u011btem-2-600x400.jpg 600w, https:\/\/www.praha7.cz\/wp-content\/uploads\/2018\/06\/Na-kole-d\u011btem-2-768x512.jpg 768w, https:\/\/www.praha7.cz\/wp-content\/uploads\/2018\/06\/Na-kole-d\u011btem-2-1500x1000.jpg 1500w\" sizes=\"(max-width: 600px) 100vw, 600px\" \/><\/p>\r\n<p><img loading=\"lazy\" src=\"https:\/\/www.praha7.cz\/wp-content\/uploads\/2018\/06\/Na-kole-d\u011btem-3-600x400.jpg\" alt=\"\" width=\"600\" height=\"400\" class=\"alignnone size-medium wp-image-17207\" srcset=\"https:\/\/www.praha7.cz\/wp-content\/uploads\/2018\/06\/Na-kole-d\u011btem-3-600x400.jpg 600w, https:\/\/www.praha7.cz\/wp-content\/uploads\/2018\/06\/Na-kole-d\u011btem-3-768x512.jpg 768w, https:\/\/www.praha7.cz\/wp-content\/uploads\/2018\/06\/Na-kole-d\u011btem-3-1500x1000.jpg 1500w\" sizes=\"(max-width: 600px) 100vw, 600px\" \/><\/p>","protected":false},"excerpt":{"rendered":"[perex] Praha&nbsp;7 se ve \u010dtvrtek 7.&nbsp;6.&nbsp;stala d\u011bji\u0161t\u011bm 8.&nbsp;etapy IX. ro\u010dn\u00edku charitativn\u00ed cyklotour Na kole d\u011btem \u2013 sportovn\u00edho projektu na podporu onkologicky nemocn\u00fdch d\u011bt\u00ed. K&nbsp;pelotonu cyklist\u016f v&nbsp;\u010dele s\u00a0organiz\u00e1torem akce Josefem Zimov\u010d\u00e1kem se p\u0159i zast\u00e1vce v&nbsp;N\u00e1rodn\u00edm zem\u011bd\u011blsk\u00e9m muzeu p\u0159ipojil tak\u00e9 starosta Prahy&nbsp;7 Jan \u010ci\u017einsk\u00fd. \u00a0 [\/perex] Na kole d\u011btem \u2013 nada\u010dn\u00ed fond Josefa Zimov\u010d\u00e1ka na podporu onkologicky [&hellip;]","protected":false},"author":5,"featured_media":17204,"comment_status":"closed","ping_status":"open","sticky":false,"template":"","format":"standard","meta":[],"categories":[34,1],"tags":[],"_links":{"self":[{"href":"https:\/\/www.praha7.cz\/api\/wp\/v2\/posts\/17203"}],"collection":[{"href":"https:\/\/www.praha7.cz\/api\/wp\/v2\/posts"}],"about":[{"href":"https:\/\/www.praha7.cz\/api\/wp\/v2\/types\/post"}],"author":[{"embeddable":true,"href":"https:\/\/www.praha7.cz\/api\/wp\/v2\/users\/5"}],"replies":[{"embeddable":true,"href":"https:\/\/www.praha7.cz\/api\/wp\/v2\/comments?post=17203"}],"version-history":[{"count":2,"href":"https:\/\/www.praha7.cz\/api\/wp\/v2\/posts\/17203\/revisions"}],"predecessor-version":[{"id":17208,"href":"https:\/\/www.praha7.cz\/api\/wp\/v2\/posts\/17203\/revisions\/17208"}],"wp:featuredmedia":[{"embeddable":true,"href":"https:\/\/www.praha7.cz\/api\/wp\/v2\/media\/17204"}],"wp:attachment":[{"href":"https:\/\/www.praha7.cz\/api\/wp\/v2\/media?parent=17203"}],"wp:term":[{"taxonomy":"category","embeddable":true,"href":"https:\/\/www.praha7.cz\/api\/wp\/v2\/categories?post=17203"},{"taxonomy":"post_tag","embeddable":true,"href":"https:\/\/www.praha7.cz\/api\/wp\/v2\/tags?post=17203"}],"curies":[{"name":"wp","href":"https:\/\/api.w.org\/{rel}","templated":true}]}}