    
{"id":17191,"date":"2018-06-06T18:32:18","date_gmt":"2018-06-06T16:32:18","guid":{"rendered":"https:\/\/www.praha7.cz\/?p=17191"},"modified":"2018-06-06T18:32:54","modified_gmt":"2018-06-06T16:32:54","slug":"17191-2","status":"publish","type":"post","link":"https:\/\/www.praha7.cz\/17191-2\/","title":{"rendered":"Pron\u00e1jem nebytov\u00e9ho prostoru v&nbsp;ul. Milady Hor\u00e1kov\u00e9 za \u00fa\u010delem provozov\u00e1n\u00ed kulturn\u00edho centra"},"content":{"rendered":"<p>[perex]<\/p>\r\n<p>Do 11.&nbsp;\u010dervna maj\u00ed z\u00e1jemci mo\u017enost p\u0159ihl\u00e1sit se do sout\u011b\u017ee o&nbsp;nebytov\u00fd prostor s&nbsp;doporu\u010den\u00fdm \u00fa\u010delem u\u017e\u00edv\u00e1n\u00ed jako kulturn\u00ed centrum v&nbsp;dom\u011b \u010d.p. 387, Milady Hor\u00e1kov\u00e9 56.<\/p>\r\n<p>[\/perex]<\/p>\r\n<p>Jedn\u00e1 se o&nbsp;pron\u00e1jem \u010d\u00e1sti nebytov\u00e9ho prostoru o\u00a0velikosti\u00a0 143,7 m\u00b2, na dobu ur\u010ditou 7 let, za minim\u00e1ln\u00ed n\u00e1jemn\u00e9 14.370,- K\u010d\/m\u011bs\u00edc\/p\u0159edm\u011bt n\u00e1jmu (tj. 1.200,- K\u010d\/m\u00b2\/rok).<\/p>\r\n<p>Z\u00e1m\u011brem M\u010c Praha\u00a07 je, aby budouc\u00ed n\u00e1jemce v\u00a0prostor\u00e1ch provozoval kulturn\u00ed \u010dinnost pro ve\u0159ejnost, v\u00edtan\u00fdm subjektem jsou nap\u0159\u00edklad neziskov\u00e9 organizace apod., \u010demu\u017e je i\u00a0p\u0159izp\u016fsobeno minim\u00e1ln\u00ed n\u00e1jemn\u00e9. M\u010c Praha\u00a07 z\u00a0tohoto d\u016fvodu bude hodnotit pouze takov\u00e9 podnikatelsk\u00e9 z\u00e1m\u011bry, jejich\u017e prim\u00e1rn\u00ed n\u00e1pln\u00ed je kulturn\u00ed \u010dinnost pro ve\u0159ejnost, proto jak\u00e9koliv jin\u00e9 z\u00e1m\u011bry nebudou hodnoceny a\u00a0ze sout\u011b\u017ee automaticky vy\u0159azeny. Tematick\u00e1 spojitost s\u00a0d\u011btsk\u00fdm odd\u011blen\u00edm knihovny v\u00fdhodou.<\/p>\r\n<p>V\u00edce informac\u00ed naleznete <a href=\"http:\/\/www.praha7.cz\/oznameni\/?id=699\">zde<\/a>.<\/p>","protected":false},"excerpt":{"rendered":"[perex] Do 11.&nbsp;\u010dervna maj\u00ed z\u00e1jemci mo\u017enost p\u0159ihl\u00e1sit se do sout\u011b\u017ee o&nbsp;nebytov\u00fd prostor s&nbsp;doporu\u010den\u00fdm \u00fa\u010delem u\u017e\u00edv\u00e1n\u00ed jako kulturn\u00ed centrum v&nbsp;dom\u011b \u010d.p. 387, Milady Hor\u00e1kov\u00e9 56. [\/perex] Jedn\u00e1 se o&nbsp;pron\u00e1jem \u010d\u00e1sti nebytov\u00e9ho prostoru o\u00a0velikosti\u00a0 143,7 m\u00b2, na dobu ur\u010ditou 7 let, za minim\u00e1ln\u00ed n\u00e1jemn\u00e9 14.370,- K\u010d\/m\u011bs\u00edc\/p\u0159edm\u011bt n\u00e1jmu (tj. 1.200,- K\u010d\/m\u00b2\/rok). Z\u00e1m\u011brem M\u010c Praha\u00a07 je, aby budouc\u00ed n\u00e1jemce [&hellip;]","protected":false},"author":5,"featured_media":17006,"comment_status":"closed","ping_status":"open","sticky":false,"template":"","format":"standard","meta":[],"categories":[34],"tags":[],"_links":{"self":[{"href":"https:\/\/www.praha7.cz\/api\/wp\/v2\/posts\/17191"}],"collection":[{"href":"https:\/\/www.praha7.cz\/api\/wp\/v2\/posts"}],"about":[{"href":"https:\/\/www.praha7.cz\/api\/wp\/v2\/types\/post"}],"author":[{"embeddable":true,"href":"https:\/\/www.praha7.cz\/api\/wp\/v2\/users\/5"}],"replies":[{"embeddable":true,"href":"https:\/\/www.praha7.cz\/api\/wp\/v2\/comments?post=17191"}],"version-history":[{"count":2,"href":"https:\/\/www.praha7.cz\/api\/wp\/v2\/posts\/17191\/revisions"}],"predecessor-version":[{"id":17193,"href":"https:\/\/www.praha7.cz\/api\/wp\/v2\/posts\/17191\/revisions\/17193"}],"wp:featuredmedia":[{"embeddable":true,"href":"https:\/\/www.praha7.cz\/api\/wp\/v2\/media\/17006"}],"wp:attachment":[{"href":"https:\/\/www.praha7.cz\/api\/wp\/v2\/media?parent=17191"}],"wp:term":[{"taxonomy":"category","embeddable":true,"href":"https:\/\/www.praha7.cz\/api\/wp\/v2\/categories?post=17191"},{"taxonomy":"post_tag","embeddable":true,"href":"https:\/\/www.praha7.cz\/api\/wp\/v2\/tags?post=17191"}],"curies":[{"name":"wp","href":"https:\/\/api.w.org\/{rel}","templated":true}]}}