    
{"id":17120,"date":"2018-06-05T10:31:08","date_gmt":"2018-06-05T08:31:08","guid":{"rendered":"https:\/\/www.praha7.cz\/?p=17120"},"modified":"2018-06-05T10:31:08","modified_gmt":"2018-06-05T08:31:08","slug":"praha-7-chce-zpatky-bezbarierove-elektrovlaky","status":"publish","type":"post","link":"https:\/\/www.praha7.cz\/praha-7-chce-zpatky-bezbarierove-elektrovlaky\/","title":{"rendered":"Praha&nbsp;7 chce zp\u00e1tky bezbari\u00e9rov\u00e9 elektrovlaky"},"content":{"rendered":"<p>[perex]<\/p>\r\n<p>Na \u017eelezni\u010dn\u00ed trati, kter\u00e1 proch\u00e1z\u00ed Prahou 7, kon\u010d\u00ed elektrick\u00e9 vlaky. Nahrazuj\u00ed je soupravy s\u00a0dieslov\u00fdm motorem, kter\u00e9 nav\u00edc nejsou pln\u011b bezbari\u00e9rov\u00e9. Sedm\u00e1 m\u011bstsk\u00e1 \u010d\u00e1st se obrac\u00ed na \u010cesk\u00e9 dr\u00e1hy. Po\u017eaduje \u0159e\u0161en\u00ed, kter\u00e9 zachov\u00e1 bezbari\u00e9rov\u00fd p\u0159\u00edstup do vlak\u016f a&nbsp;bude \u0161etrn\u011bj\u0161\u00ed v\u016f\u010di m\u011bstsk\u00e9mu ovzdu\u0161\u00ed.<\/p>\r\n<p>[\/perex]<\/p>\r\n<p><em>\u201eMus\u00edme se zaj\u00edmat o&nbsp;kvalitu ovzdu\u0161\u00ed na \u00fazem\u00ed Prahy. Je \u0159ada opat\u0159en\u00ed, kter\u00e1 pom\u00e1haj\u00ed. Pat\u0159\u00ed mezi n\u011b nap\u0159\u00edklad d\u016fsledn\u00e1 kontrola filtr\u016f pevn\u00fdch \u010d\u00e1stic, \u0159e\u0161en\u00ed emis\u00ed u&nbsp;lodn\u00ed dopravy, funk\u010dn\u00ed regula\u010dn\u00ed pl\u00e1n pro smogov\u00e9 obdob\u00ed, ale t\u0159eba tak\u00e9 to, aby na elektrifikovan\u00fdch trat\u00edch nejezdily motorov\u00e9 vlaky,\u201c<\/em> uvedl <em><strong>Jan \u010ci\u017einsk\u00fd, starosta Prahy&nbsp;7 a&nbsp;kandid\u00e1t na prim\u00e1tora za iniciativu PRAHA SOB\u011a<\/strong><\/em>.<\/p>\r\n<p>Elektrick\u00e9 vlaky kon\u010d\u00ed na lince mezi Roztokami u&nbsp;Prahy a&nbsp;n\u00e1dra\u017e\u00edm Praha Libe\u0148. Trasa proch\u00e1z\u00ed tak\u00e9 \u010d\u00e1st\u00ed \u00fazem\u00ed M\u010c Praha&nbsp;7. Elektrovlaky jsou nahrazov\u00e1ny jednotkami s&nbsp;dieselov\u00fdm motorem.<\/p>\r\n<p><em>\u201ePova\u017eujeme to za velmi ne\u0161\u0165astn\u00e9, nejen s\u00a0ohledem na zhor\u0161en\u00ed kvality ovzdu\u0161\u00ed, p\u0159edev\u0161\u00edm v\u00a0rekrea\u010dn\u00ed oblasti Stromovky, ale tak\u00e9 kv\u016fli cestuj\u00edc\u00edm. Nov\u00e9 soupravy jsou bezbari\u00e9rov\u00e9 pouze u\u00a0\u010d\u00e1sti vstup\u016f, \u010d\u00edm\u017e doch\u00e1z\u00ed ke zhor\u0161en\u00ed podm\u00ednek pro h\u016f\u0159e pohybliv\u00e9 osoby, rodi\u010de s\u00a0ko\u010d\u00e1rky \u010di cyklisty,\u201c<\/em> \u0159ekl <em><strong>Ond\u0159ej Mirovsk\u00fd (Strana zelen\u00fdch)<\/strong><\/em>.<\/p>\r\n<p>Z\u00a0uveden\u00fdch d\u016fvod\u016f Praha&nbsp;7 \u017e\u00e1d\u00e1 o&nbsp;n\u00e1hradu jin\u00fdmi soupravami, kter\u00e9 budou db\u00e1t na kvalitu ovzdu\u0161\u00ed a&nbsp;u\u017eivatelsk\u00fd komfort. \u017deleznice je d\u016fle\u017eitou sou\u010d\u00e1st\u00ed dopravy v\u00a0hlavn\u00edm m\u011bst\u011b <br \/>\r\n a&nbsp;m\u011bstsk\u00e1 \u010d\u00e1st pova\u017euje za nezbytn\u00e9 zvy\u0161ovat jej\u00ed atraktivitu pro cestuj\u00edc\u00ed a&nbsp;\u0161etrnost k\u00a0\u017eivotn\u00edmu prost\u0159ed\u00ed.<\/p>","protected":false},"excerpt":{"rendered":"[perex] Na \u017eelezni\u010dn\u00ed trati, kter\u00e1 proch\u00e1z\u00ed Prahou 7, kon\u010d\u00ed elektrick\u00e9 vlaky. Nahrazuj\u00ed je soupravy s\u00a0dieslov\u00fdm motorem, kter\u00e9 nav\u00edc nejsou pln\u011b bezbari\u00e9rov\u00e9. Sedm\u00e1 m\u011bstsk\u00e1 \u010d\u00e1st se obrac\u00ed na \u010cesk\u00e9 dr\u00e1hy. Po\u017eaduje \u0159e\u0161en\u00ed, kter\u00e9 zachov\u00e1 bezbari\u00e9rov\u00fd p\u0159\u00edstup do vlak\u016f a&nbsp;bude \u0161etrn\u011bj\u0161\u00ed v\u016f\u010di m\u011bstsk\u00e9mu ovzdu\u0161\u00ed. [\/perex] \u201eMus\u00edme se zaj\u00edmat o&nbsp;kvalitu ovzdu\u0161\u00ed na \u00fazem\u00ed Prahy. Je \u0159ada opat\u0159en\u00ed, kter\u00e1 [&hellip;]","protected":false},"author":5,"featured_media":17121,"comment_status":"closed","ping_status":"open","sticky":false,"template":"","format":"standard","meta":[],"categories":[34,74],"tags":[],"_links":{"self":[{"href":"https:\/\/www.praha7.cz\/api\/wp\/v2\/posts\/17120"}],"collection":[{"href":"https:\/\/www.praha7.cz\/api\/wp\/v2\/posts"}],"about":[{"href":"https:\/\/www.praha7.cz\/api\/wp\/v2\/types\/post"}],"author":[{"embeddable":true,"href":"https:\/\/www.praha7.cz\/api\/wp\/v2\/users\/5"}],"replies":[{"embeddable":true,"href":"https:\/\/www.praha7.cz\/api\/wp\/v2\/comments?post=17120"}],"version-history":[{"count":1,"href":"https:\/\/www.praha7.cz\/api\/wp\/v2\/posts\/17120\/revisions"}],"predecessor-version":[{"id":17122,"href":"https:\/\/www.praha7.cz\/api\/wp\/v2\/posts\/17120\/revisions\/17122"}],"wp:featuredmedia":[{"embeddable":true,"href":"https:\/\/www.praha7.cz\/api\/wp\/v2\/media\/17121"}],"wp:attachment":[{"href":"https:\/\/www.praha7.cz\/api\/wp\/v2\/media?parent=17120"}],"wp:term":[{"taxonomy":"category","embeddable":true,"href":"https:\/\/www.praha7.cz\/api\/wp\/v2\/categories?post=17120"},{"taxonomy":"post_tag","embeddable":true,"href":"https:\/\/www.praha7.cz\/api\/wp\/v2\/tags?post=17120"}],"curies":[{"name":"wp","href":"https:\/\/api.w.org\/{rel}","templated":true}]}}