    
{"id":17082,"date":"2018-06-01T14:14:38","date_gmt":"2018-06-01T12:14:38","guid":{"rendered":"https:\/\/www.praha7.cz\/?p=17082"},"modified":"2019-03-13T10:11:59","modified_gmt":"2019-03-13T09:11:59","slug":"nove-kontaktni-udaje-pro-hlaseni-poruch-verejneho-osvetleni","status":"publish","type":"post","link":"https:\/\/www.praha7.cz\/nove-kontaktni-udaje-pro-hlaseni-poruch-verejneho-osvetleni\/","title":{"rendered":"Nov\u00e9 kontaktn\u00ed \u00fadaje pro hl\u00e1\u0161en\u00ed poruch ve\u0159ejn\u00e9ho osv\u011btlen\u00ed"},"content":{"rendered":"<p>[perex]<\/p>\r\n<p>Na z\u00e1klad\u011b sd\u011blen\u00ed spole\u010dnosti Technologie Hlavn\u00edho m\u011bsta Prahy, a. s. informujeme ob\u010dany, \u017ee byly zprovozn\u011bny nov\u00e9 telefonn\u00ed linky a&nbsp;webov\u00e9 formul\u00e1\u0159e pro hl\u00e1\u0161en\u00ed poruch ve\u0159ejn\u00e9ho osv\u011btlen\u00ed.<\/p>\r\n<p>[\/perex]<\/p>\r\n<p>Dne 31.&nbsp;5.&nbsp;2018 spole\u010dnost Technologie Hlavn\u00edho m\u011bsta Prahy, a. s. (THMP) p\u0159evzala spr\u00e1vu, provoz a&nbsp;\u00fadr\u017ebu ve\u0159ejn\u00e9ho osv\u011btlen\u00ed a&nbsp;souvisej\u00edc\u00edch technologi\u00ed.<\/p>\r\n<p>Pro hl\u00e1\u0161en\u00ed hav\u00e1ri\u00ed a&nbsp;poruch na ve\u0159ejn\u00e9m osv\u011btlen\u00ed nov\u011b kontaktujte dispe\u010dink THMP.<\/p>\r\n<p>&nbsp;<\/p>\r\n<p><strong>Telefonn\u00ed linka:\u00a0800&nbsp;404&nbsp;060\u00a0(bezplatn\u00e1)<\/strong><\/p>\r\n<p><strong>Pros\u00edm nahlaste v\u017edy \u010d\u00edslo lampy uveden\u00e9 na identifika\u010dn\u00edm \u0161t\u00edtku na sto\u017e\u00e1ru VO.<\/strong><\/p>\r\n<p>Vyu\u017e\u00edt m\u016f\u017eete tak\u00e9 <a href=\"https:\/\/thmp.cz\/jak-si-zaridit\/hlaseni-poruch\">webov\u00e9ho kontaktn\u00edho formul\u00e1\u0159e<\/a>.\u00a0<\/p>\r\n<p>&nbsp;<\/p>\r\n<p>Dal\u0161\u00ed informace naleznete na str\u00e1nk\u00e1ch\u00a0<a href=\"http:\/\/www.thmp.cz\/index.php\/jak-si-zaridit\">Technologie Hlavn\u00edho m\u011bsta Prahy<\/a>.<\/p>","protected":false},"excerpt":{"rendered":"[perex] Na z\u00e1klad\u011b sd\u011blen\u00ed spole\u010dnosti Technologie Hlavn\u00edho m\u011bsta Prahy, a. s. informujeme ob\u010dany, \u017ee byly zprovozn\u011bny nov\u00e9 telefonn\u00ed linky a&nbsp;webov\u00e9 formul\u00e1\u0159e pro hl\u00e1\u0161en\u00ed poruch ve\u0159ejn\u00e9ho osv\u011btlen\u00ed. [\/perex] Dne 31.&nbsp;5.&nbsp;2018 spole\u010dnost Technologie Hlavn\u00edho m\u011bsta Prahy, a. s. (THMP) p\u0159evzala spr\u00e1vu, provoz a&nbsp;\u00fadr\u017ebu ve\u0159ejn\u00e9ho osv\u011btlen\u00ed a&nbsp;souvisej\u00edc\u00edch technologi\u00ed. Pro hl\u00e1\u0161en\u00ed hav\u00e1ri\u00ed a&nbsp;poruch na ve\u0159ejn\u00e9m osv\u011btlen\u00ed nov\u011b kontaktujte dispe\u010dink [&hellip;]","protected":false},"author":5,"featured_media":17083,"comment_status":"closed","ping_status":"open","sticky":false,"template":"","format":"standard","meta":[],"categories":[34],"tags":[],"_links":{"self":[{"href":"https:\/\/www.praha7.cz\/api\/wp\/v2\/posts\/17082"}],"collection":[{"href":"https:\/\/www.praha7.cz\/api\/wp\/v2\/posts"}],"about":[{"href":"https:\/\/www.praha7.cz\/api\/wp\/v2\/types\/post"}],"author":[{"embeddable":true,"href":"https:\/\/www.praha7.cz\/api\/wp\/v2\/users\/5"}],"replies":[{"embeddable":true,"href":"https:\/\/www.praha7.cz\/api\/wp\/v2\/comments?post=17082"}],"version-history":[{"count":4,"href":"https:\/\/www.praha7.cz\/api\/wp\/v2\/posts\/17082\/revisions"}],"predecessor-version":[{"id":24320,"href":"https:\/\/www.praha7.cz\/api\/wp\/v2\/posts\/17082\/revisions\/24320"}],"wp:featuredmedia":[{"embeddable":true,"href":"https:\/\/www.praha7.cz\/api\/wp\/v2\/media\/17083"}],"wp:attachment":[{"href":"https:\/\/www.praha7.cz\/api\/wp\/v2\/media?parent=17082"}],"wp:term":[{"taxonomy":"category","embeddable":true,"href":"https:\/\/www.praha7.cz\/api\/wp\/v2\/categories?post=17082"},{"taxonomy":"post_tag","embeddable":true,"href":"https:\/\/www.praha7.cz\/api\/wp\/v2\/tags?post=17082"}],"curies":[{"name":"wp","href":"https:\/\/api.w.org\/{rel}","templated":true}]}}