    
{"id":17066,"date":"2018-05-31T14:43:53","date_gmt":"2018-05-31T12:43:53","guid":{"rendered":"https:\/\/www.praha7.cz\/?p=17066"},"modified":"2018-05-31T14:43:53","modified_gmt":"2018-05-31T12:43:53","slug":"vystava-praci-studentu-katedry-architektury-cvut-na-tema-kavarna-na-vltavske","status":"publish","type":"post","link":"https:\/\/www.praha7.cz\/vystava-praci-studentu-katedry-architektury-cvut-na-tema-kavarna-na-vltavske\/","title":{"rendered":"V\u00fdstava prac\u00ed student\u016f Katedry architektury \u010cVUT na t\u00e9ma kav\u00e1rna na Vltavsk\u00e9"},"content":{"rendered":"<p>[perex]<\/p>\r\n<p>Zveme v\u00e1s na v\u00fdstavu prac\u00ed student\u016f 1.&nbsp;ro\u010dn\u00edku bakal\u00e1\u0159sk\u00e9ho studia oboru Architektura a&nbsp;stavitelstv\u00ed Katedry architektury Fakulty stavebn\u00ed \u010cVUT v\u00a0Praze. Vedouc\u00ed atelieru: Ing. arch. Nikolay Brankov a&nbsp;Ing. arch. \u0160t\u011bp\u00e1n Lajda<\/p>\r\n<p>[\/perex]<\/p>\r\n<p><strong>Vernis\u00e1\u017e v\u00fdstavy se kon\u00e1 6.&nbsp;6.&nbsp;2018, od 17:30 hodin<\/strong><\/p>\r\n<p><strong>Galerie na \u00fa\u0159ad\u011b, \u00daM\u010c Praha&nbsp;7, 2.&nbsp;patro<\/strong><\/p>\r\n<p>&nbsp;<\/p>\r\n<p>Vstup zdarma.<\/p>","protected":false},"excerpt":{"rendered":"[perex] Zveme v\u00e1s na v\u00fdstavu prac\u00ed student\u016f 1.&nbsp;ro\u010dn\u00edku bakal\u00e1\u0159sk\u00e9ho studia oboru Architektura a&nbsp;stavitelstv\u00ed Katedry architektury Fakulty stavebn\u00ed \u010cVUT v\u00a0Praze. Vedouc\u00ed atelieru: Ing. arch. Nikolay Brankov a&nbsp;Ing. arch. \u0160t\u011bp\u00e1n Lajda [\/perex] Vernis\u00e1\u017e v\u00fdstavy se kon\u00e1 6.&nbsp;6.&nbsp;2018, od 17:30 hodin Galerie na \u00fa\u0159ad\u011b, \u00daM\u010c Praha&nbsp;7, 2.&nbsp;patro &nbsp; Vstup zdarma.","protected":false},"author":5,"featured_media":17046,"comment_status":"closed","ping_status":"open","sticky":false,"template":"","format":"standard","meta":[],"categories":[34,74],"tags":[],"_links":{"self":[{"href":"https:\/\/www.praha7.cz\/api\/wp\/v2\/posts\/17066"}],"collection":[{"href":"https:\/\/www.praha7.cz\/api\/wp\/v2\/posts"}],"about":[{"href":"https:\/\/www.praha7.cz\/api\/wp\/v2\/types\/post"}],"author":[{"embeddable":true,"href":"https:\/\/www.praha7.cz\/api\/wp\/v2\/users\/5"}],"replies":[{"embeddable":true,"href":"https:\/\/www.praha7.cz\/api\/wp\/v2\/comments?post=17066"}],"version-history":[{"count":1,"href":"https:\/\/www.praha7.cz\/api\/wp\/v2\/posts\/17066\/revisions"}],"predecessor-version":[{"id":17067,"href":"https:\/\/www.praha7.cz\/api\/wp\/v2\/posts\/17066\/revisions\/17067"}],"wp:featuredmedia":[{"embeddable":true,"href":"https:\/\/www.praha7.cz\/api\/wp\/v2\/media\/17046"}],"wp:attachment":[{"href":"https:\/\/www.praha7.cz\/api\/wp\/v2\/media?parent=17066"}],"wp:term":[{"taxonomy":"category","embeddable":true,"href":"https:\/\/www.praha7.cz\/api\/wp\/v2\/categories?post=17066"},{"taxonomy":"post_tag","embeddable":true,"href":"https:\/\/www.praha7.cz\/api\/wp\/v2\/tags?post=17066"}],"curies":[{"name":"wp","href":"https:\/\/api.w.org\/{rel}","templated":true}]}}