    
{"id":16985,"date":"2018-05-29T10:39:43","date_gmt":"2018-05-29T08:39:43","guid":{"rendered":"https:\/\/www.praha7.cz\/?p=16985"},"modified":"2018-05-29T10:40:31","modified_gmt":"2018-05-29T08:40:31","slug":"praha-7-ma-tri-nove-knihobudky","status":"publish","type":"post","link":"https:\/\/www.praha7.cz\/praha-7-ma-tri-nove-knihobudky\/","title":{"rendered":"Praha&nbsp;7 m\u00e1 t\u0159i nov\u00e9 knihobudky"},"content":{"rendered":"<p>[perex]<\/p>\r\n<p>V\u00a0\u0159\u00edjnu lo\u0148sk\u00e9ho roku um\u00edstila Praha&nbsp;7 do ve\u0159ejn\u00e9ho prostoru prvn\u00ed knihobudku. \u201e\u010cerven\u00fd parazit\u201c, podle n\u00e1vrhu studenta Vysok\u00e9 \u0161koly um\u011bleckopr\u016fmyslov\u00e9 Maty\u00e1\u0161 Ko\u010dnara, se zabydlel na Strossamyerov\u011b n\u00e1m\u011bst\u00ed. V\u00a0pr\u016fb\u011bhu kv\u011btna radnice po\u0159\u00eddila t\u0159i dal\u0161\u00ed p\u0159\u00edr\u016fstky.<\/p>\r\n<p>[\/perex]<\/p>\r\n<p><em>&#8222;Aby knihobudka fungovala, mus\u00ed se o&nbsp;ni n\u011bkdo starat. Proto v\u017edy hled\u00e1me patrona &#8211; dobrovoln\u00e9ho spr\u00e1vce, kter\u00fd na knihobudku dohl\u00ed\u017e\u00ed. Patronem prvn\u00ed knihobudky se stalo Anton\u00ednovo peka\u0159stv\u00ed. \u010cerven\u00fd parazit se zabydlel p\u0159ed jeho provozovnou na Strossmayerov\u011b n\u00e1m\u011bst\u00ed a&nbsp;funguje to dob\u0159e. Na knihobudku m\u00e1me pozitivn\u00ed ohlasy, peka\u0159stv\u00ed o&nbsp;ni pe\u010duje a&nbsp;lid\u00e9 pak u&nbsp;nich nech\u00e1vaj\u00ed knihy, kdy\u017e je budka pln\u00e1,\u201c<\/em> uvedl <strong><em>Jan \u010ci\u017einsk\u00fd, starosta Prahy&nbsp;7<\/em> a&nbsp;kandid\u00e1t na prim\u00e1tora za iniciativu PRAHA SOB\u011a<\/strong>.<\/p>\r\n<p>Hled\u00e1n\u00ed podoby knihobudek pro Prahu 7 pojala m\u011bstsk\u00e1 \u010d\u00e1st kreativn\u011b ve spolupr\u00e1ci s&nbsp;Vysokou \u0161kolu um\u011bleckopr\u016fmyslovou.\u00a0 Studenti ateli\u00e9ru produktov\u00e9ho designu dostali zad\u00e1n\u00ed zpracovat n\u00e1vrhy knihobudek na m\u00edru Letn\u00e9 a&nbsp;Hole\u0161ovic\u00edm tak, aby ladily s&nbsp;okol\u00edm, dob\u0159e se pou\u017e\u00edvaly <br \/>\r\n a&nbsp;odolaly nep\u0159\u00edzni po\u010das\u00ed. B\u011bhem lo\u0148sk\u00e9ho zimn\u00edho semestru se se\u0161lo sedmn\u00e1ct studentsk\u00fdch n\u00e1vrh\u016f, z\u00a0nich\u017e byl vybr\u00e1n \u201e\u010cerven\u00fd parazit\u201c podle n\u00e1vrhu Maty\u00e1\u0161e Ko\u010dnara.<\/p>\r\n<p><strong>Na z\u00e1klad\u011b pozitivn\u00edch zku\u0161enost\u00ed s\u00a0prvn\u00ed knihobudkou Praha&nbsp;7 aktu\u00e1ln\u011b instalovala dal\u0161\u00ed t\u0159i knihobudky \u2013 v\u00a0par\u010d\u00edku v\u00a0Tusarov\u011b ulici, v\u00a0ulici U&nbsp;Pr\u016fhonu a&nbsp;na \u0158ez\u00e1\u010dov\u011b n\u00e1m\u011bst\u00ed.<\/strong><\/p>\r\n<p><em>\u201eO knihobudky v\u00a0par\u010d\u00edku v\u00a0Tusarov\u011b ulici a&nbsp;v\u00a0ulici U&nbsp;Pr\u016fhonu se star\u00e1 provozovatel knihkupectv\u00ed a&nbsp;ob\u010derstven\u00ed Knihkopec. Patronkou knihobudky na \u0158ez\u00e1\u010dov\u011b n\u00e1m\u011bst\u00ed se stala pan\u00ed, kter\u00e1 se n\u00e1m sama p\u0159ihl\u00e1sila, \u017ee se o&nbsp;ni chce starat.\u00a0Tato knihobudka je zvl\u00e1\u0161tn\u00ed t\u00edm, \u017ee jsme ji um\u00edstili ve v\u00fd\u0161ce, kter\u00e1 ji d\u011bl\u00e1 p\u0159\u00edstupnou pro voz\u00ed\u010dk\u00e1\u0159e,\u201c<\/em> doplnil <em><strong>Jan \u010ci\u017einsk\u00fd<\/strong><\/em>. \u00a0\u00a0\u00a0<\/p>\r\n<p>&nbsp;<\/p>\r\n<p><img loading=\"lazy\" src=\"https:\/\/www.praha7.cz\/wp-content\/uploads\/2018\/05\/knihobudka-v-par\u010d\u00edku-Tusarova-600x338.jpg\" alt=\"\" width=\"600\" height=\"338\" class=\"size-medium wp-image-16987\" srcset=\"https:\/\/www.praha7.cz\/wp-content\/uploads\/2018\/05\/knihobudka-v-par\u010d\u00edku-Tusarova-600x338.jpg 600w, https:\/\/www.praha7.cz\/wp-content\/uploads\/2018\/05\/knihobudka-v-par\u010d\u00edku-Tusarova-768x432.jpg 768w, https:\/\/www.praha7.cz\/wp-content\/uploads\/2018\/05\/knihobudka-v-par\u010d\u00edku-Tusarova-1500x844.jpg 1500w\" sizes=\"(max-width: 600px) 100vw, 600px\" \/><\/p>\r\n<p><em>knihobudka v&nbsp;par\u010d\u00edku Tusarova<\/em><\/p>\r\n\r\n<figure id=\"attachment_16988\" aria-describedby=\"caption-attachment-16988\" style=\"width: 600px\" class=\"wp-caption alignnone\"><img loading=\"lazy\" src=\"https:\/\/www.praha7.cz\/wp-content\/uploads\/2018\/05\/knihobudka-v-ulici-U-Pr\u016fhonu-600x338.jpg\" alt=\"\" width=\"600\" height=\"338\" class=\"size-medium wp-image-16988\" srcset=\"https:\/\/www.praha7.cz\/wp-content\/uploads\/2018\/05\/knihobudka-v-ulici-U-Pr\u016fhonu-600x338.jpg 600w, https:\/\/www.praha7.cz\/wp-content\/uploads\/2018\/05\/knihobudka-v-ulici-U-Pr\u016fhonu-768x432.jpg 768w, https:\/\/www.praha7.cz\/wp-content\/uploads\/2018\/05\/knihobudka-v-ulici-U-Pr\u016fhonu-1500x844.jpg 1500w\" sizes=\"(max-width: 600px) 100vw, 600px\" \/><figcaption id=\"caption-attachment-16988\" class=\"wp-caption-text\"><span style=\"font-size: 16px;\"><em>knihobudka v&nbsp;ulici U&nbsp;Pr\u016fhonu<\/em><\/span><\/figcaption><\/figure>\r\n\r\n<p>&nbsp;<\/p>","protected":false},"excerpt":{"rendered":"[perex] V\u00a0\u0159\u00edjnu lo\u0148sk\u00e9ho roku um\u00edstila Praha&nbsp;7 do ve\u0159ejn\u00e9ho prostoru prvn\u00ed knihobudku. \u201e\u010cerven\u00fd parazit\u201c, podle n\u00e1vrhu studenta Vysok\u00e9 \u0161koly um\u011bleckopr\u016fmyslov\u00e9 Maty\u00e1\u0161 Ko\u010dnara, se zabydlel na Strossamyerov\u011b n\u00e1m\u011bst\u00ed. V\u00a0pr\u016fb\u011bhu kv\u011btna radnice po\u0159\u00eddila t\u0159i dal\u0161\u00ed p\u0159\u00edr\u016fstky. [\/perex] &#8222;Aby knihobudka fungovala, mus\u00ed se o&nbsp;ni n\u011bkdo starat. Proto v\u017edy hled\u00e1me patrona &#8211; dobrovoln\u00e9ho spr\u00e1vce, kter\u00fd na knihobudku dohl\u00ed\u017e\u00ed. Patronem prvn\u00ed [&hellip;]","protected":false},"author":5,"featured_media":16986,"comment_status":"closed","ping_status":"open","sticky":false,"template":"","format":"standard","meta":[],"categories":[34,74],"tags":[],"_links":{"self":[{"href":"https:\/\/www.praha7.cz\/api\/wp\/v2\/posts\/16985"}],"collection":[{"href":"https:\/\/www.praha7.cz\/api\/wp\/v2\/posts"}],"about":[{"href":"https:\/\/www.praha7.cz\/api\/wp\/v2\/types\/post"}],"author":[{"embeddable":true,"href":"https:\/\/www.praha7.cz\/api\/wp\/v2\/users\/5"}],"replies":[{"embeddable":true,"href":"https:\/\/www.praha7.cz\/api\/wp\/v2\/comments?post=16985"}],"version-history":[{"count":4,"href":"https:\/\/www.praha7.cz\/api\/wp\/v2\/posts\/16985\/revisions"}],"predecessor-version":[{"id":89691,"href":"https:\/\/www.praha7.cz\/api\/wp\/v2\/posts\/16985\/revisions\/89691"}],"wp:featuredmedia":[{"embeddable":true,"href":"https:\/\/www.praha7.cz\/api\/wp\/v2\/media\/16986"}],"wp:attachment":[{"href":"https:\/\/www.praha7.cz\/api\/wp\/v2\/media?parent=16985"}],"wp:term":[{"taxonomy":"category","embeddable":true,"href":"https:\/\/www.praha7.cz\/api\/wp\/v2\/categories?post=16985"},{"taxonomy":"post_tag","embeddable":true,"href":"https:\/\/www.praha7.cz\/api\/wp\/v2\/tags?post=16985"}],"curies":[{"name":"wp","href":"https:\/\/api.w.org\/{rel}","templated":true}]}}