    
{"id":16645,"date":"2018-04-01T09:31:14","date_gmt":"2018-04-01T07:31:14","guid":{"rendered":"https:\/\/www.praha7.cz\/?p=16645"},"modified":"2018-06-18T14:04:21","modified_gmt":"2018-06-18T12:04:21","slug":"ahojvevezi","status":"publish","type":"post","link":"https:\/\/www.praha7.cz\/ahojvevezi\/","title":{"rendered":"Ahoj ve v\u011b\u017ei"},"content":{"rendered":"<p>[perex]<\/p>\r\n<p>U p\u0159\u00edle\u017eitosti dokon\u010den\u00ed rekonstrukce are\u00e1lu letensk\u00e9 vod\u00e1rensk\u00e9 v\u011b\u017ee a\u00a0130.\u00a0v\u00fdro\u010d\u00ed jej\u00edho postaven\u00ed v\u00e1s\u00a0 zveme na doprovodn\u00fd program, kter\u00fd se uskute\u010dn\u00ed v\u00a0m\u011bs\u00edci \u010dervnu a\u00a0kter\u00fd je ur\u010den\u00fd \u0161irok\u00e9 ve\u0159ejnosti.<\/p>\r\n<p>[\/perex]<\/p>\r\n<p><a href=\"https:\/\/www.praha7.cz\/ahojvevezi-doprovodny-program\/\">DOPROVODN\u00dd PROGRAM<\/a><\/p>\r\n<p>Are\u00e1l bude od z\u00e1\u0159\u00ed 2018 slou\u017eit op\u011bt d\u011btem: v&nbsp;budov\u011b s&nbsp;veverkou a&nbsp;vchodem z&nbsp;ulice Na V\u00fd\u0161in\u00e1ch vznikne nov\u00e1 t\u0159\u00edda p\u0159i M\u0160 Na V\u00fd\u0161in\u00e1ch, p\u0159il\u00e9haj\u00edc\u00ed stavbu se s\u00e1lem\u00a0a objektem v\u011b\u017ee bude u\u017e\u00edvat D\u016fm d\u011bt\u00ed ml\u00e1de\u017ee Prahy s&nbsp;p\u0159idru\u017een\u00fdmi spolky.<\/p>","protected":false},"excerpt":{"rendered":"[perex] U&nbsp;p\u0159\u00edle\u017eitosti dokon\u010den\u00ed rekonstrukce are\u00e1lu letensk\u00e9 vod\u00e1rensk\u00e9 v\u011b\u017ee a\u00a0130.\u00a0v\u00fdro\u010d\u00ed jej\u00edho postaven\u00ed v\u00e1s\u00a0 zveme na doprovodn\u00fd program, kter\u00fd se uskute\u010dn\u00ed v\u00a0m\u011bs\u00edci \u010dervnu a\u00a0kter\u00fd je ur\u010den\u00fd \u0161irok\u00e9 ve\u0159ejnosti. [\/perex] DOPROVODN\u00dd PROGRAM Are\u00e1l bude od z\u00e1\u0159\u00ed 2018 slou\u017eit op\u011bt d\u011btem: v&nbsp;budov\u011b s&nbsp;veverkou a&nbsp;vchodem z&nbsp;ulice Na V\u00fd\u0161in\u00e1ch vznikne nov\u00e1 t\u0159\u00edda p\u0159i M\u0160 Na V\u00fd\u0161in\u00e1ch, p\u0159il\u00e9haj\u00edc\u00ed stavbu se s\u00e1lem\u00a0a [&hellip;]","protected":false},"author":31,"featured_media":16673,"comment_status":"closed","ping_status":"open","sticky":false,"template":"","format":"standard","meta":[],"categories":[36],"tags":[],"_links":{"self":[{"href":"https:\/\/www.praha7.cz\/api\/wp\/v2\/posts\/16645"}],"collection":[{"href":"https:\/\/www.praha7.cz\/api\/wp\/v2\/posts"}],"about":[{"href":"https:\/\/www.praha7.cz\/api\/wp\/v2\/types\/post"}],"author":[{"embeddable":true,"href":"https:\/\/www.praha7.cz\/api\/wp\/v2\/users\/31"}],"replies":[{"embeddable":true,"href":"https:\/\/www.praha7.cz\/api\/wp\/v2\/comments?post=16645"}],"version-history":[{"count":9,"href":"https:\/\/www.praha7.cz\/api\/wp\/v2\/posts\/16645\/revisions"}],"predecessor-version":[{"id":17154,"href":"https:\/\/www.praha7.cz\/api\/wp\/v2\/posts\/16645\/revisions\/17154"}],"wp:featuredmedia":[{"embeddable":true,"href":"https:\/\/www.praha7.cz\/api\/wp\/v2\/media\/16673"}],"wp:attachment":[{"href":"https:\/\/www.praha7.cz\/api\/wp\/v2\/media?parent=16645"}],"wp:term":[{"taxonomy":"category","embeddable":true,"href":"https:\/\/www.praha7.cz\/api\/wp\/v2\/categories?post=16645"},{"taxonomy":"post_tag","embeddable":true,"href":"https:\/\/www.praha7.cz\/api\/wp\/v2\/tags?post=16645"}],"curies":[{"name":"wp","href":"https:\/\/api.w.org\/{rel}","templated":true}]}}