    
{"id":16304,"date":"2018-05-10T12:42:30","date_gmt":"2018-05-10T10:42:30","guid":{"rendered":"https:\/\/www.praha7.cz\/?p=16304"},"modified":"2018-05-17T08:09:23","modified_gmt":"2018-05-17T06:09:23","slug":"pozvanka-na-4-radne-zasedani-zastupitelstva-mc-praha-7","status":"publish","type":"post","link":"https:\/\/www.praha7.cz\/pozvanka-na-4-radne-zasedani-zastupitelstva-mc-praha-7\/","title":{"rendered":"Pozv\u00e1nka na 4.&nbsp;\u0159\u00e1dn\u00e9 zased\u00e1n\u00ed Zastupitelstva M\u010c Praha&nbsp;7"},"content":{"rendered":"<p>[perex]<\/p>\r\n<p>4.&nbsp;\u0159\u00e1dn\u00e9 zased\u00e1n\u00ed Zastupitelstva M\u010c Praha&nbsp;7 se kon\u00e1 v\u00a0pond\u011bl\u00ed dne 14.\u00a0 kv\u011btna 2018\u00a0 od 17:00 hodin\u00a0ve velk\u00e9 zasedac\u00ed m\u00edstnosti \u010d. 227 \u00da\u0159adu M\u011bstsk\u00e9 \u010d\u00e1sti,\u00a0n\u00e1b\u0159. Kpt. Jaro\u0161e 1000, Praha&nbsp;7. Online p\u0159enos naleznete <a href=\"https:\/\/youtu.be\/fP8g7nWKzKs\" target=\"_blank\" rel=\"noopener\">zde.<\/a><\/p>\r\n<p>[\/perex]<\/p>\r\n<p><strong>Program\u00a0 4.&nbsp;\u0159\u00e1dn\u00e9ho zased\u00e1n\u00ed Zastupitelstva M\u010c Praha&nbsp;7<\/strong><\/p>\r\n<ul>\r\n\t<li>Pravideln\u00fd bod programu za\u0159azen\u00fd za bod \u010d. 2 \u2013 Dotazy a&nbsp;p\u0159ipom\u00ednky ob\u010dan\u016f 1<\/li>\r\n\t<li>Pravideln\u00fd bod programu za\u0159azen\u00fd pevn\u011b na 18 hodinu \u2013 Dotazy a&nbsp;p\u0159ipom\u00ednky ob\u010dan\u016f 2<\/li>\r\n<\/ul>\r\n<p style=\"text-align: justify;\">\u00a0<br \/>\r\n <strong>1. <\/strong>Zah\u00e1jen\u00ed &#8211; schv\u00e1len\u00ed programu<\/p>\r\n<p style=\"text-align: justify;\"><strong>2.<\/strong> Volba n\u00e1vrhov\u00e9ho v\u00fdboru<\/p>\r\n<p style=\"text-align: justify;\"><strong>3.<\/strong> N\u00c1VRH na volbu\u00a0p\u0159\u00edsed\u00edc\u00edch Obvodn\u00edho soudu pro Prahu 7<\/p>\r\n<p style=\"text-align: justify;\"><strong>4.<\/strong> N\u00c1VRH na zapojen\u00ed finan\u010dn\u00edch prost\u0159edk\u016f na tvorbu Soci\u00e1ln\u00edho fondu zam\u011bstnavatele (SFZ) do upraven\u00e9ho rozpo\u010dtu M\u010c Praha&nbsp;7 pro rok 2018 a&nbsp;d\u00e1le zapojen\u00ed aktu\u00e1ln\u00edho z\u016fstatku SFZ z&nbsp;roku 2017 &#8211; rozpo\u010dtov\u00e9 opat\u0159en\u00ed m\u011bs\u00edce kv\u011btna 2018 (RO 40\/2018)<\/p>\r\n<p style=\"text-align: justify;\"><strong>5.<\/strong> N\u00c1VRH k&nbsp;finan\u010dn\u00edmu vypo\u0159\u00e1d\u00e1n\u00ed hospod\u00e1\u0159sk\u00fdch v\u00fdsledk\u016f p\u0159\u00edsp\u011bvkov\u00fdch organizac\u00ed z\u0159izovan\u00fdch M\u010c Praha&nbsp;7 za rok 2017, v\u010detn\u011b zaji\u0161t\u011bn\u00ed rozpo\u010dtov\u00e9ho opat\u0159en\u00ed m\u011bs\u00edce kv\u011btna 2018 (RO 41\/2018)<\/p>\r\n<p style=\"text-align: justify;\"><strong>6.<\/strong> N\u00c1VRH na uzav\u0159en\u00ed Souhlasn\u00e9ho prohl\u00e1\u0161en\u00ed mezi M\u010c Praha&nbsp;7 a&nbsp;Bytov\u00fdm podnikem v&nbsp;Praze 7, st\u00e1tn\u00ed podnik v&nbsp;likvidaci, k&nbsp;p\u0159evodu pozemku parc. \u010d. 596, jeho\u017e sou\u010d\u00e1st\u00ed je budova \u010d.p. 851 Milady Hor\u00e1kov\u00e9 84, v\u0161e k.\u00fa. Bubene\u010d, do majetku hl. m. Prahy, sv\u011b\u0159en\u00e1 spr\u00e1va nemovitost\u00ed M\u010c Praha&nbsp;7<\/p>\r\n<p style=\"text-align: justify;\"><strong>7.<\/strong> N\u00c1VRH na z\u0159\u00edzen\u00ed v\u011bcn\u00e9ho b\u0159emene osobn\u00ed slu\u017eebnosti k&nbsp;proveden\u00ed \u00a7 25 odst. 4 energetick\u00e9ho z\u00e1kona, nepodl\u00e9haj\u00edc\u00ed \u00faprav\u011b slu\u017eebnosti in\u017een\u00fdrsk\u00e9 s\u00edt\u011b v&nbsp;ob\u010dansk\u00e9m z\u00e1kon\u00edku, na pozemc\u00edch sv\u011b\u0159en\u00fdch M\u010c Praha&nbsp;7 parc. \u010d. 373\/1, 373\/21, 373\/22 a&nbsp;373\/23, v\u0161e v&nbsp;k. \u00fa. Hole\u0161ovice, v&nbsp;souvislosti s&nbsp;p\u0159elo\u017ekou s\u00edt\u00ed z&nbsp;d\u016fvodu budouc\u00ed realizace parkovi\u0161t\u011b P+R v&nbsp;ulici Jankovcova a&nbsp;navazuj\u00edc\u00ed obnovou s\u00edt\u00ed<\/p>\r\n<p style=\"text-align: justify;\"><strong>8.<\/strong> N\u00c1VRH na pod\u00e1n\u00ed \u017e\u00e1dosti na hl. m. Praha o&nbsp;sv\u011b\u0159en\u00ed pozemku parc. \u010d. 1057\/2 v&nbsp;k.\u00fa. Hole\u0161ovice (\u010d\u00e1st dvora Z\u0160 Tusarova) do spr\u00e1vy nemovitost\u00ed M\u010c Praha&nbsp;7<\/p>\r\n<p style=\"text-align: justify;\"><strong>9.<\/strong> N\u00c1VRH na projedn\u00e1n\u00ed z\u00e1m\u011br\u016f vypl\u00fdvaj\u00edc\u00edch ze Smlouvy o&nbsp;spolupr\u00e1ci mezi M\u010c Praha&nbsp;7, spole\u010dnost\u00ed Hole\u0161ovick\u00fd Troj\u00faheln\u00edk a.s. a&nbsp;spole\u010dnost\u00ed HOLE\u0160OVICE OFFICE CENTER s.r.o.<\/p>\r\n<p style=\"text-align: justify;\"><strong>10.<\/strong> N\u00c1VRH na realizaci rozpo\u010dtov\u00e9ho opat\u0159en\u00ed m\u011bs\u00edce kv\u011btna 2018 (RO 44\/2018) v&nbsp;celkov\u00e9m objemu 6&nbsp;100&nbsp;000,- K\u010d (rozpo\u010dtov\u011b 6&nbsp;100,0 tis. K\u010d) \u00fa\u010delov\u00fd investi\u010dn\u00ed p\u0159\u00edsp\u011bvek z\u0159izovatele &#8211; v&nbsp;n\u00e1vaznosti na realizaci investi\u010dn\u00ed akce: &#8222;Adaptace obj. Fr. K\u0159\u00ed\u017eka pro zdravotnick\u00e9 slu\u017eby&#8220; &#8211; a&nbsp;n\u00e1sledn\u00e9ho p\u0159esunu polikliniky do nov\u00fdch prostor, v\u010detn\u011b souhlasu k&nbsp;pou\u017eit\u00ed fond\u016f p\u0159\u00edsp\u011bvkovou organizac\u00ed Poliklinika Praha&nbsp;7<\/p>\r\n<p style=\"text-align: justify;\"><strong>11.<\/strong> INFORMACE o&nbsp;\u010dinnosti Rady M\u010c Praha&nbsp;7 v\u00a0obdob\u00ed mezi 3.&nbsp;a&nbsp;4.&nbsp;zased\u00e1n\u00edm Zastupitelstva M\u010c Praha&nbsp;7 v\u00a0roce 2018<\/p>\r\n<p style=\"text-align: justify;\"><strong>12.<\/strong> INFORMACE o&nbsp;pln\u011bn\u00ed \u00fakol\u016f ulo\u017een\u00fdch Rad\u011b M\u010c Praha&nbsp;7 Zastupitelstvem M\u010c Praha&nbsp;7<\/p>\r\n<p style=\"text-align: justify;\"><strong>13.<\/strong> INFORMACE o&nbsp;\u010dinnosti Kontroln\u00edho v\u00fdboru Zastupitelstva M\u010c Praha&nbsp;7 v\u00a0obdob\u00ed mezi 3.&nbsp;a&nbsp;4.&nbsp;zased\u00e1n\u00edm Zastupitelstva M\u010c Praha&nbsp;7 v\u00a0roce 2018<\/p>\r\n<p style=\"text-align: justify;\"><strong>14.<\/strong> INFORMACE o&nbsp;\u010dinnosti Finan\u010dn\u00edho v\u00fdboru Zastupitelstva M\u010c Praha&nbsp;7 v\u00a0obdob\u00ed mezi 3.&nbsp;a&nbsp;4.&nbsp;zased\u00e1n\u00edm Zastupitelstva M\u010c Praha&nbsp;7 v\u00a0roce 2018<\/p>\r\n<p style=\"text-align: justify;\"><strong>15.<\/strong> INFORMACE o&nbsp;\u010dinnosti V\u00fdboru pro V\u00fdchovu a&nbsp;vzd\u011bl\u00e1v\u00e1n\u00ed M\u010c Praha&nbsp;7\u00a0v\u00a0obdob\u00ed mezi 3.&nbsp;a&nbsp;4.&nbsp;zased\u00e1n\u00edm Zastupitelstva M\u010c Praha&nbsp;7 v\u00a0roce 2018<\/p>\r\n<p style=\"text-align: justify;\"><strong>16.<\/strong> Dopisy, adresovan\u00e9 Z\u00a0M\u010c P7<\/p>\r\n<p style=\"text-align: justify;\"><strong>17.<\/strong> R\u016fzn\u00e9<\/p>\r\n<p style=\"text-align: justify;\"><strong>18.<\/strong> Z\u00e1v\u011br\u00a0\u00a0\u00a0\u00a0\u00a0\u00a0\u00a0\u00a0\u00a0\u00a0\u00a0\u00a0\u00a0\u00a0\u00a0\u00a0\u00a0\u00a0<\/p>\r\n<p style=\"text-align: justify;\"><\/p>\r\n<p>&nbsp;<\/p>\r\n<p>Mgr. Jan \u010ci\u017einsk\u00fd\u00a0\u00a0\u00a0\u00a0\u00a0\u00a0\u00a0\u00a0\u00a0\u00a0\u00a0\u00a0<br \/>\r\n starosta m\u011bstsk\u00e9 \u010d\u00e1sti Praha&nbsp;7<\/p>\r\n<p><a href=\"http:\/\/file.praha7.cz\/odbory\/kst\/4_2018.zip\">n\u00e1vrhy ke sta\u017een\u00ed <\/a><\/p>","protected":false},"excerpt":{"rendered":"[perex] 4.&nbsp;\u0159\u00e1dn\u00e9 zased\u00e1n\u00ed Zastupitelstva M\u010c Praha&nbsp;7 se kon\u00e1 v\u00a0pond\u011bl\u00ed dne 14.\u00a0 kv\u011btna 2018\u00a0 od 17:00 hodin\u00a0ve velk\u00e9 zasedac\u00ed m\u00edstnosti \u010d. 227 \u00da\u0159adu M\u011bstsk\u00e9 \u010d\u00e1sti,\u00a0n\u00e1b\u0159. Kpt. Jaro\u0161e 1000, Praha&nbsp;7. Online p\u0159enos naleznete zde. [\/perex] Program\u00a0 4.&nbsp;\u0159\u00e1dn\u00e9ho zased\u00e1n\u00ed Zastupitelstva M\u010c Praha&nbsp;7 Pravideln\u00fd bod programu za\u0159azen\u00fd za bod \u010d. 2 \u2013 Dotazy a&nbsp;p\u0159ipom\u00ednky ob\u010dan\u016f 1 Pravideln\u00fd bod programu [&hellip;]","protected":false},"author":14,"featured_media":13136,"comment_status":"closed","ping_status":"open","sticky":false,"template":"","format":"standard","meta":[],"categories":[34],"tags":[],"_links":{"self":[{"href":"https:\/\/www.praha7.cz\/api\/wp\/v2\/posts\/16304"}],"collection":[{"href":"https:\/\/www.praha7.cz\/api\/wp\/v2\/posts"}],"about":[{"href":"https:\/\/www.praha7.cz\/api\/wp\/v2\/types\/post"}],"author":[{"embeddable":true,"href":"https:\/\/www.praha7.cz\/api\/wp\/v2\/users\/14"}],"replies":[{"embeddable":true,"href":"https:\/\/www.praha7.cz\/api\/wp\/v2\/comments?post=16304"}],"version-history":[{"count":7,"href":"https:\/\/www.praha7.cz\/api\/wp\/v2\/posts\/16304\/revisions"}],"predecessor-version":[{"id":16483,"href":"https:\/\/www.praha7.cz\/api\/wp\/v2\/posts\/16304\/revisions\/16483"}],"wp:featuredmedia":[{"embeddable":true,"href":"https:\/\/www.praha7.cz\/api\/wp\/v2\/media\/13136"}],"wp:attachment":[{"href":"https:\/\/www.praha7.cz\/api\/wp\/v2\/media?parent=16304"}],"wp:term":[{"taxonomy":"category","embeddable":true,"href":"https:\/\/www.praha7.cz\/api\/wp\/v2\/categories?post=16304"},{"taxonomy":"post_tag","embeddable":true,"href":"https:\/\/www.praha7.cz\/api\/wp\/v2\/tags?post=16304"}],"curies":[{"name":"wp","href":"https:\/\/api.w.org\/{rel}","templated":true}]}}