    
{"id":16075,"date":"2018-04-26T12:15:03","date_gmt":"2018-04-26T10:15:03","guid":{"rendered":"https:\/\/www.praha7.cz\/?p=16075"},"modified":"2018-05-02T09:10:11","modified_gmt":"2018-05-02T07:10:11","slug":"omezeni-odboru-spravnich-agend","status":"publish","type":"post","link":"https:\/\/www.praha7.cz\/omezeni-odboru-spravnich-agend\/","title":{"rendered":"Omezen\u00ed provozu Odboru spr\u00e1vn\u00edch agend"},"content":{"rendered":"<p>[perex]<\/p>\r\n<p>Upozor\u0148ujeme, \u017ee z\u00a0d\u016fvod\u016f st\u011bhov\u00e1n\u00ed odd\u011blen\u00ed p\u0159estupk\u016f Odboru spr\u00e1vn\u00edch agend na novou adresu U&nbsp;Pr\u016fhonu 11, bude\u00a0 do\u00a0 4.&nbsp;5.\u00a0\u00a0odd\u011blen\u00ed fungovat v&nbsp;omezen\u00e9m provozu. V\u00a0nezbytn\u011b nutn\u00fdch p\u0159\u00edpadech je mo\u017eno kontaktovat vedouc\u00ed odd\u011blen\u00ed Olgu Kejhovou na tel. \u010d. 778\u00a0110\u00a0015. D\u011bkujeme za pochopen\u00ed.\u00a0<\/p>\r\n<p>[\/perex]<\/p>","protected":false},"excerpt":{"rendered":"[perex] Upozor\u0148ujeme, \u017ee z\u00a0d\u016fvod\u016f st\u011bhov\u00e1n\u00ed odd\u011blen\u00ed p\u0159estupk\u016f Odboru spr\u00e1vn\u00edch agend na novou adresu U&nbsp;Pr\u016fhonu 11, bude\u00a0 do\u00a0 4.&nbsp;5.\u00a0\u00a0odd\u011blen\u00ed fungovat v&nbsp;omezen\u00e9m provozu. V\u00a0nezbytn\u011b nutn\u00fdch p\u0159\u00edpadech je mo\u017eno kontaktovat vedouc\u00ed odd\u011blen\u00ed Olgu Kejhovou na tel. \u010d. 778\u00a0110\u00a0015. D\u011bkujeme za pochopen\u00ed.\u00a0 [\/perex]","protected":false},"author":31,"featured_media":16076,"comment_status":"closed","ping_status":"open","sticky":false,"template":"","format":"standard","meta":[],"categories":[34,1],"tags":[],"_links":{"self":[{"href":"https:\/\/www.praha7.cz\/api\/wp\/v2\/posts\/16075"}],"collection":[{"href":"https:\/\/www.praha7.cz\/api\/wp\/v2\/posts"}],"about":[{"href":"https:\/\/www.praha7.cz\/api\/wp\/v2\/types\/post"}],"author":[{"embeddable":true,"href":"https:\/\/www.praha7.cz\/api\/wp\/v2\/users\/31"}],"replies":[{"embeddable":true,"href":"https:\/\/www.praha7.cz\/api\/wp\/v2\/comments?post=16075"}],"version-history":[{"count":4,"href":"https:\/\/www.praha7.cz\/api\/wp\/v2\/posts\/16075\/revisions"}],"predecessor-version":[{"id":16115,"href":"https:\/\/www.praha7.cz\/api\/wp\/v2\/posts\/16075\/revisions\/16115"}],"wp:featuredmedia":[{"embeddable":true,"href":"https:\/\/www.praha7.cz\/api\/wp\/v2\/media\/16076"}],"wp:attachment":[{"href":"https:\/\/www.praha7.cz\/api\/wp\/v2\/media?parent=16075"}],"wp:term":[{"taxonomy":"category","embeddable":true,"href":"https:\/\/www.praha7.cz\/api\/wp\/v2\/categories?post=16075"},{"taxonomy":"post_tag","embeddable":true,"href":"https:\/\/www.praha7.cz\/api\/wp\/v2\/tags?post=16075"}],"curies":[{"name":"wp","href":"https:\/\/api.w.org\/{rel}","templated":true}]}}