    
{"id":16017,"date":"2018-04-25T10:38:49","date_gmt":"2018-04-25T08:38:49","guid":{"rendered":"https:\/\/www.praha7.cz\/?p=16017"},"modified":"2018-05-29T02:39:25","modified_gmt":"2018-05-29T00:39:25","slug":"praha-7-oslavi-den-zeme-v-letenskych-sadech","status":"publish","type":"post","link":"https:\/\/www.praha7.cz\/praha-7-oslavi-den-zeme-v-letenskych-sadech\/","title":{"rendered":"Praha&nbsp;7 oslav\u00ed Den Zem\u011b v&nbsp;Letensk\u00fdch sadech"},"content":{"rendered":"<p>[perex]<\/p>\r\n<p>Sedm\u00e1 m\u011bstsk\u00e1 \u010d\u00e1st oslav\u00ed sv\u00e1tek na\u0161\u00ed planety ve\u00a0\u010dtvrtek 26.&nbsp;dubna v\u00a0Letensk\u00fdch sadech u&nbsp;Letensk\u00e9ho z\u00e1me\u010dku. Od 9 do 17 hodin zde bude prob\u00edhat program pro \u0161irokou ve\u0159ejnost zam\u011b\u0159en\u00fd na ochranu p\u0159\u00edrody.<\/p>\r\n<p>[\/perex]<\/p>\r\n<p><em>\u201eDen Zem\u011b by n\u00e1m m\u011bl p\u0159ipomenout, \u017ee m\u00e1me k&nbsp;dispozici pouze jednu planetu, kterou lid\u00e9 svou \u010dinnost\u00ed bohu\u017eel st\u00e1le v\u00edce ohro\u017euj\u00ed.\u00a0V\u00a0r\u00e1mci sv\u00e9ho tradi\u010dn\u00edho zapojen\u00ed do t\u00e9to kampan\u011b se proto Praha&nbsp;7 sna\u017e\u00ed ve\u0159ejnosti z\u00e1bavnou formou p\u0159ibl\u00ed\u017eit d\u016fle\u017eit\u00e1 t\u00e9mata ekologie a&nbsp;udr\u017eiteln\u00e9ho rozvoje. Pro mal\u00e9 i&nbsp;velk\u00e9 n\u00e1v\u0161t\u011bvn\u00edky Letensk\u00fdch sad\u016f budou p\u0159ipraveny tematick\u00e9 hry a&nbsp;sout\u011b\u017ee,\u201c<\/em> uvedl <strong>Franti\u0161ek Voseck\u00fd, radn\u00ed Prahy&nbsp;7 (Strana zelen\u00fdch)<\/strong>.<\/p>\r\n<p>V\u00a0Letensk\u00fdch sadech se n\u00e1v\u0161t\u011bvn\u00edci dozv\u011bd\u00ed mnoho zaj\u00edmav\u00e9ho o&nbsp;ochran\u011b p\u0159\u00edrody, problematice odpad\u016f, t\u0159\u00edd\u011bn\u00ed a&nbsp;recyklaci, udr\u017eiteln\u00e9 doprav\u011b \u010di ve\u0159ejn\u00e9 \u010distot\u011b.<\/p>\r\n<p>Program ke Dni Zem\u011b v\u00a0Letensk\u00fdch sadech p\u0159ipravuje M\u010c Praha&nbsp;7 ve spolupr\u00e1ci Hlavn\u00edm m\u011bstem Prahou a&nbsp;dal\u0161\u00edmi organizacemi, jako je N\u00e1rodn\u00ed zem\u011bd\u011blsk\u00e9 muzeum, Hnut\u00ed Brontosaurus, Auto*Mat, Hnut\u00ed Duha, M\u0160 Kouzeln\u00e1 fazolka aj.\u00a0<\/p>","protected":false},"excerpt":{"rendered":"[perex] Sedm\u00e1 m\u011bstsk\u00e1 \u010d\u00e1st oslav\u00ed sv\u00e1tek na\u0161\u00ed planety ve\u00a0\u010dtvrtek 26.&nbsp;dubna v\u00a0Letensk\u00fdch sadech u&nbsp;Letensk\u00e9ho z\u00e1me\u010dku. Od 9 do 17 hodin zde bude prob\u00edhat program pro \u0161irokou ve\u0159ejnost zam\u011b\u0159en\u00fd na ochranu p\u0159\u00edrody. [\/perex] \u201eDen Zem\u011b by n\u00e1m m\u011bl p\u0159ipomenout, \u017ee m\u00e1me k&nbsp;dispozici pouze jednu planetu, kterou lid\u00e9 svou \u010dinnost\u00ed bohu\u017eel st\u00e1le v\u00edce ohro\u017euj\u00ed.\u00a0V\u00a0r\u00e1mci sv\u00e9ho tradi\u010dn\u00edho zapojen\u00ed do [&hellip;]","protected":false},"author":5,"featured_media":16019,"comment_status":"closed","ping_status":"open","sticky":false,"template":"","format":"standard","meta":[],"categories":[34,74],"tags":[94],"_links":{"self":[{"href":"https:\/\/www.praha7.cz\/api\/wp\/v2\/posts\/16017"}],"collection":[{"href":"https:\/\/www.praha7.cz\/api\/wp\/v2\/posts"}],"about":[{"href":"https:\/\/www.praha7.cz\/api\/wp\/v2\/types\/post"}],"author":[{"embeddable":true,"href":"https:\/\/www.praha7.cz\/api\/wp\/v2\/users\/5"}],"replies":[{"embeddable":true,"href":"https:\/\/www.praha7.cz\/api\/wp\/v2\/comments?post=16017"}],"version-history":[{"count":1,"href":"https:\/\/www.praha7.cz\/api\/wp\/v2\/posts\/16017\/revisions"}],"predecessor-version":[{"id":16020,"href":"https:\/\/www.praha7.cz\/api\/wp\/v2\/posts\/16017\/revisions\/16020"}],"wp:featuredmedia":[{"embeddable":true,"href":"https:\/\/www.praha7.cz\/api\/wp\/v2\/media\/16019"}],"wp:attachment":[{"href":"https:\/\/www.praha7.cz\/api\/wp\/v2\/media?parent=16017"}],"wp:term":[{"taxonomy":"category","embeddable":true,"href":"https:\/\/www.praha7.cz\/api\/wp\/v2\/categories?post=16017"},{"taxonomy":"post_tag","embeddable":true,"href":"https:\/\/www.praha7.cz\/api\/wp\/v2\/tags?post=16017"}],"curies":[{"name":"wp","href":"https:\/\/api.w.org\/{rel}","templated":true}]}}