    
{"id":15878,"date":"2018-05-20T17:14:17","date_gmt":"2018-05-20T15:14:17","guid":{"rendered":"https:\/\/www.praha7.cz\/?p=15878"},"modified":"2018-07-27T10:33:28","modified_gmt":"2018-07-27T08:33:28","slug":"plan-rekonstrukce-horkovodu","status":"publish","type":"post","link":"https:\/\/www.praha7.cz\/plan-rekonstrukce-horkovodu\/","title":{"rendered":"Pl\u00e1n rekonstrukce horkovod\u016f"},"content":{"rendered":"<p>[perex]<\/p>\r\n<p>Prahu 7 \u010dek\u00e1 dal\u0161\u00ed kolo letn\u00ed rekonstrukce horkovodn\u00edch rozvod\u016f, kter\u00e9 realizuje spol. Pra\u017esk\u00e1 tepl\u00e1rensk\u00e1 a. s. v&nbsp;souvislosti se zm\u011bnou technologie vyt\u00e1p\u011bn\u00ed. P\u0159in\u00e1\u0161\u00edme V\u00e1m p\u0159ehled dot\u010den\u00fdch ulic a&nbsp;term\u00edn\u016f, ve kter\u00fdch zde budou pr\u00e1ce realizov\u00e1ny. \u00a0<\/p>\r\n<p>[\/perex]<\/p>\r\n<p><strong>Od 30.&nbsp;7. \u2013 9.&nbsp;9.&nbsp;2018<\/strong> se upravuje horkovod v\u00a0ulici U&nbsp;elektr\u00e1rny. Sou\u010dasn\u011b budou prob\u00edhat v\u00fdkopov\u00e9 pr\u00e1ce v\u00a0Partyz\u00e1nsk\u00e9 ulici a&nbsp;v\u00a0ulici Vrbensk\u00e9ho, kter\u00fd povoluje MHMP, proto\u017ee se jedn\u00e1 o&nbsp;komunikace 1.&nbsp;t\u0159\u00eddy.<\/p>\r\n<p><strong>Od 3.&nbsp;8. \u2013 31.&nbsp;8.&nbsp;2018<\/strong> prob\u00edhaj\u00ed v\u00fdkopov\u00e9 pr\u00e1ce v\u00a0ulic\u00edch:<\/p>\r\n<p>pplk.. Sochora v\u00a0\u00faseku Bubensk\u00e1 \u2013 Farsk\u00e9ho<\/p>\r\n<p>Anton\u00ednsk\u00e1 v\u00a0\u00faseku Bubensk\u00e1 \u2013 Farsk\u00e9ho<\/p>\r\n<p>\u0160im\u00e1\u010dkova v\u00a0\u00faseku Bubensk\u00e1 \u2013 U&nbsp;smaltovny<\/p>\r\n<p>Veletr\u017en\u00ed v\u00a0\u00faseku Bubensk\u00e1 \u2013 U&nbsp;smaltovny<\/p>\r\n<p>Bubensk\u00e1 v\u00a0\u00faseku Strojnick\u00e1 \u2013 Veletr\u017en\u00ed (pouze v\u00a0chodn\u00edku).<\/p>\r\n<p><strong>Zb\u00fdvaj\u00edc\u00ed pl\u00e1n rekonstrukce horkovod\u016f:\u00a0<\/strong><\/p>\r\n<p><strong>srpen, z\u00e1\u0159\u00ed<\/strong> \u2013 Bubensk\u00e1, \u0160im\u00e1\u010dkova, Veletr\u017en\u00ed, Pplk. Sochora, Anton\u00ednsk\u00e1 (srpen a&nbsp;z\u00e1\u0159\u00ed).<\/p>\r\n<p>&nbsp;<\/p>\r\n<p>P\u0159ehled v&nbsp;grafice naleznete\u00a0zde:\u00a0<a href=\"https:\/\/www.praha7.cz\/wp-content\/uploads\/2018\/04\/Rekonstrukce-horkovod\u016f-2018.pdf\">Rekonstrukce horkovod\u016f 2018<\/a><\/p>\r\n<p>D\u011bkujeme za trp\u011blivost b\u011bhem realizace prac\u00ed.<\/p>","protected":false},"excerpt":{"rendered":"[perex] Prahu 7 \u010dek\u00e1 dal\u0161\u00ed kolo letn\u00ed rekonstrukce horkovodn\u00edch rozvod\u016f, kter\u00e9 realizuje spol. Pra\u017esk\u00e1 tepl\u00e1rensk\u00e1 a. s. v&nbsp;souvislosti se zm\u011bnou technologie vyt\u00e1p\u011bn\u00ed. P\u0159in\u00e1\u0161\u00edme V\u00e1m p\u0159ehled dot\u010den\u00fdch ulic a&nbsp;term\u00edn\u016f, ve kter\u00fdch zde budou pr\u00e1ce realizov\u00e1ny. \u00a0 [\/perex] Od 30.&nbsp;7. \u2013 9.&nbsp;9.&nbsp;2018 se upravuje horkovod v\u00a0ulici U&nbsp;elektr\u00e1rny. Sou\u010dasn\u011b budou prob\u00edhat v\u00fdkopov\u00e9 pr\u00e1ce v\u00a0Partyz\u00e1nsk\u00e9 ulici a&nbsp;v\u00a0ulici Vrbensk\u00e9ho, kter\u00fd [&hellip;]","protected":false},"author":5,"featured_media":16560,"comment_status":"closed","ping_status":"open","sticky":false,"template":"","format":"standard","meta":[],"categories":[36],"tags":[57],"_links":{"self":[{"href":"https:\/\/www.praha7.cz\/api\/wp\/v2\/posts\/15878"}],"collection":[{"href":"https:\/\/www.praha7.cz\/api\/wp\/v2\/posts"}],"about":[{"href":"https:\/\/www.praha7.cz\/api\/wp\/v2\/types\/post"}],"author":[{"embeddable":true,"href":"https:\/\/www.praha7.cz\/api\/wp\/v2\/users\/5"}],"replies":[{"embeddable":true,"href":"https:\/\/www.praha7.cz\/api\/wp\/v2\/comments?post=15878"}],"version-history":[{"count":11,"href":"https:\/\/www.praha7.cz\/api\/wp\/v2\/posts\/15878\/revisions"}],"predecessor-version":[{"id":18131,"href":"https:\/\/www.praha7.cz\/api\/wp\/v2\/posts\/15878\/revisions\/18131"}],"wp:featuredmedia":[{"embeddable":true,"href":"https:\/\/www.praha7.cz\/api\/wp\/v2\/media\/16560"}],"wp:attachment":[{"href":"https:\/\/www.praha7.cz\/api\/wp\/v2\/media?parent=15878"}],"wp:term":[{"taxonomy":"category","embeddable":true,"href":"https:\/\/www.praha7.cz\/api\/wp\/v2\/categories?post=15878"},{"taxonomy":"post_tag","embeddable":true,"href":"https:\/\/www.praha7.cz\/api\/wp\/v2\/tags?post=15878"}],"curies":[{"name":"wp","href":"https:\/\/api.w.org\/{rel}","templated":true}]}}