    
{"id":15535,"date":"2018-04-09T15:20:14","date_gmt":"2018-04-09T13:20:14","guid":{"rendered":"https:\/\/www.praha7.cz\/?p=15535"},"modified":"2018-05-29T02:38:12","modified_gmt":"2018-05-29T00:38:12","slug":"poradenstvi-pro-svj-a-bytova-druzstva-v-praze-7-zdarma","status":"publish","type":"post","link":"https:\/\/www.praha7.cz\/poradenstvi-pro-svj-a-bytova-druzstva-v-praze-7-zdarma\/","title":{"rendered":"Poradenstv\u00ed pro SVJ a&nbsp;bytov\u00e1 dru\u017estva v&nbsp;Praze 7 zdarma"},"content":{"rendered":"<p>[perex]<\/p>\r\n<p>Sedm\u00e1 m\u011bstsk\u00e1 \u010d\u00e1st po\u0159\u00e1d\u00e1 cyklus semin\u00e1\u0159\u016f pro spole\u010denstv\u00ed vlastn\u00edk\u016f jednotek a&nbsp;bytov\u00e1 dru\u017estva z\u00a0Prahy&nbsp;7. Po lo\u0148sk\u00fdch p\u0159edn\u00e1\u0161k\u00e1ch v\u011bnovan\u00fdch pr\u00e1vn\u00edmu poradenstv\u00ed je leto\u0161n\u00ed program zam\u011b\u0159en na technickou spr\u00e1vu domu.<\/p>\r\n<p>[\/perex]<\/p>\r\n<p>Lo\u0148sk\u00e9 semin\u00e1\u0159e pr\u00e1vn\u00edho poradenstv\u00ed pro SVJ se setkaly s\u00a0velk\u00fdm ohlasem. Ka\u017ed\u00e9 p\u0159edn\u00e1\u0161ky se z\u00fa\u010dastnilo n\u011bkolik des\u00edtek z\u00e1jemc\u016f, kte\u0159\u00ed si odnesli mnoho u\u017eite\u010dn\u00fdch tip\u016f a&nbsp;rad, jak na r\u016fzn\u00e1 pr\u00e1vn\u00ed \u00faskal\u00ed, efektivn\u00ed hospoda\u0159en\u00ed, \u00fa\u010detnictv\u00ed a&nbsp;podobn\u011b.<\/p>\r\n<p><em>&#8222;Leto\u0161n\u00ed p\u0159edn\u00e1\u0161ky budou zam\u011b\u0159eny na technickou str\u00e1nku spr\u00e1vy domu, jako je \u010dinnost spr\u00e1vce, provozn\u00ed z\u00e1le\u017eitosti \u010di postup p\u0159i b\u011b\u017en\u00fdch oprav\u00e1ch i&nbsp;velk\u00fdch rekonstrukc\u00edch. V\u011b\u0159\u00edm, \u017ee se n\u00e1m poda\u0159\u00ed nav\u00e1zat na lo\u0148sk\u00e1 p\u0159\u00edjemn\u00e1 a&nbsp;inspirativn\u00ed setk\u00e1n\u00ed. Cel\u00fd projekt vn\u00edm\u00e1me tak\u00e9 jako podporu lidem, kte\u0159\u00ed ve sv\u00e9m voln\u00e9m \u010dase pom\u00e1haj\u00ed sv\u00fdm soused\u016fm a&nbsp;staraj\u00ed se <\/em><em>o spole\u010dn\u00fd majetek,\u201c<\/em> uvedl <em><strong>m\u00edstostarosta Prahy&nbsp;7 Kamil Vav\u0159inec (PRAHA&nbsp;7 SOB\u011a)<\/strong><\/em>. \u00a0\u00a0\u00a0<\/p>\r\n<p>Semin\u00e1\u0159e se konaj\u00ed v\u00a0budov\u011b \u00da\u0159adu M\u010c Praha&nbsp;7 (n\u00e1b\u0159. Kpt. Jaro\u0161e 1000, 2.&nbsp;patro, zasedac\u00ed m\u00edstnosti \u010d. 225), v\u017edy od 17.30 do 19.30 hodin v\u00a0n\u00e1sleduj\u00edc\u00edch term\u00ednech:<strong> 11.&nbsp;dubna, 16.&nbsp;kv\u011btna, 30.&nbsp;kv\u011btna a&nbsp;27.&nbsp;\u010dervna.<\/strong><\/p>\r\n<p>P\u0159edn\u00e1\u0161ky jsou ur\u010deny p\u0159edev\u0161\u00edm pro statut\u00e1rn\u00ed z\u00e1stupce SVJ a&nbsp;bytov\u00fdch dru\u017estev z\u00a0Prahy&nbsp;7.<\/p>\r\n<p><strong>\u00da\u010dast na semin\u00e1\u0159\u00edch je zdarma.<\/strong> Z\u00fa\u010dastnit se mohou dv\u011b osoby za SVJ nebo bytov\u00e9 dru\u017estvo. Z\u00a0d\u016fvodu omezen\u00e9 kapacity je t\u0159eba p\u0159edem zajistit rezervaci na e-mailu: GregorovaJ@praha7.cz<\/p>","protected":false},"excerpt":{"rendered":"[perex] Sedm\u00e1 m\u011bstsk\u00e1 \u010d\u00e1st po\u0159\u00e1d\u00e1 cyklus semin\u00e1\u0159\u016f pro spole\u010denstv\u00ed vlastn\u00edk\u016f jednotek a&nbsp;bytov\u00e1 dru\u017estva z\u00a0Prahy&nbsp;7. Po lo\u0148sk\u00fdch p\u0159edn\u00e1\u0161k\u00e1ch v\u011bnovan\u00fdch pr\u00e1vn\u00edmu poradenstv\u00ed je leto\u0161n\u00ed program zam\u011b\u0159en na technickou spr\u00e1vu domu. [\/perex] Lo\u0148sk\u00e9 semin\u00e1\u0159e pr\u00e1vn\u00edho poradenstv\u00ed pro SVJ se setkaly s\u00a0velk\u00fdm ohlasem. Ka\u017ed\u00e9 p\u0159edn\u00e1\u0161ky se z\u00fa\u010dastnilo n\u011bkolik des\u00edtek z\u00e1jemc\u016f, kte\u0159\u00ed si odnesli mnoho u\u017eite\u010dn\u00fdch tip\u016f a&nbsp;rad, jak na [&hellip;]","protected":false},"author":5,"featured_media":15534,"comment_status":"closed","ping_status":"open","sticky":false,"template":"","format":"standard","meta":[],"categories":[34,74],"tags":[94],"_links":{"self":[{"href":"https:\/\/www.praha7.cz\/api\/wp\/v2\/posts\/15535"}],"collection":[{"href":"https:\/\/www.praha7.cz\/api\/wp\/v2\/posts"}],"about":[{"href":"https:\/\/www.praha7.cz\/api\/wp\/v2\/types\/post"}],"author":[{"embeddable":true,"href":"https:\/\/www.praha7.cz\/api\/wp\/v2\/users\/5"}],"replies":[{"embeddable":true,"href":"https:\/\/www.praha7.cz\/api\/wp\/v2\/comments?post=15535"}],"version-history":[{"count":2,"href":"https:\/\/www.praha7.cz\/api\/wp\/v2\/posts\/15535\/revisions"}],"predecessor-version":[{"id":15537,"href":"https:\/\/www.praha7.cz\/api\/wp\/v2\/posts\/15535\/revisions\/15537"}],"wp:featuredmedia":[{"embeddable":true,"href":"https:\/\/www.praha7.cz\/api\/wp\/v2\/media\/15534"}],"wp:attachment":[{"href":"https:\/\/www.praha7.cz\/api\/wp\/v2\/media?parent=15535"}],"wp:term":[{"taxonomy":"category","embeddable":true,"href":"https:\/\/www.praha7.cz\/api\/wp\/v2\/categories?post=15535"},{"taxonomy":"post_tag","embeddable":true,"href":"https:\/\/www.praha7.cz\/api\/wp\/v2\/tags?post=15535"}],"curies":[{"name":"wp","href":"https:\/\/api.w.org\/{rel}","templated":true}]}}