    
{"id":14489,"date":"2018-03-22T13:02:16","date_gmt":"2018-03-22T12:02:16","guid":{"rendered":"https:\/\/www.praha7.cz\/?p=14489"},"modified":"2018-05-29T02:38:58","modified_gmt":"2018-05-29T00:38:58","slug":"ulice-frantiska-krizka-ziskava-svou-novou-podobu","status":"publish","type":"post","link":"https:\/\/www.praha7.cz\/ulice-frantiska-krizka-ziskava-svou-novou-podobu\/","title":{"rendered":"Ulice Franti\u0161ka K\u0159\u00ed\u017eka z\u00edsk\u00e1v\u00e1 svou novou podobu"},"content":{"rendered":"<p>[perex]<\/p>\r\n<p>V\u00a0listopadu lo\u0148sk\u00e9ho roku jsme vyhl\u00e1sili architektonickou sout\u011b\u017e \u201eRevitalizace ulice Franti\u0161ka K\u0159\u00ed\u017eka \u2013 Ulice pro Sedmi\u010dku\u201c. Ve st\u0159edu 21.&nbsp;3.&nbsp;2018 se na \u00fa\u0159ad\u011b m\u011bstsk\u00e9 \u010d\u00e1sti konalo slavnostn\u00ed vyhl\u00e1\u0161en\u00ed v\u00fdsledk\u016f spojen\u00e9 s\u00a0vernis\u00e1\u017e\u00ed v\u00fdstavy sout\u011b\u017en\u00edch n\u00e1vrh\u016f. Prvn\u00ed m\u00edsto z\u00edskal n\u00e1vrh architekta Josefa Hlavat\u00e9ho.<\/p>\r\n<p>[\/perex]<\/p>\r\n<p>Do architektonick\u00e9 sout\u011b\u017ee bylo p\u0159ihl\u00e1\u0161eno celkem 9 anonymizovan\u00fdch n\u00e1vrh\u016f. Odborn\u00e1 porota, kter\u00e9 p\u0159edsedala v\u00edde\u0148sk\u00e1 architektka Gabu Heindl, n\u00e1vrhy hodnotila z\u00a0pohledu \u010dty\u0159 hlavn\u00edch krit\u00e9ri\u00ed: architektonicko-urbanistick\u00e9ho \u0159e\u0161en\u00ed, kvality ve\u0159ejn\u00e9ho prostoru, v\u00fd\u0161e stavebn\u011b-investi\u010dn\u00edch a&nbsp;provozn\u00edch n\u00e1klad\u016f a&nbsp;dopravn\u011b-technick\u00e9ho \u0159e\u0161en\u00ed.<\/p>\r\n<p>Podle n\u00e1zoru poroty zad\u00e1n\u00ed nejl\u00e9pe splnil n\u00e1vrh architekta Josefa Hlavat\u00e9ho. Druh\u00e9 m\u00edsto obsadil n\u00e1vrh Tom\u00e1\u0161e Kopeck\u00e9ho a&nbsp;Jana H\u00e1jka, t\u0159et\u00ed m\u00edsto z\u00edskala spol. Unhary s.r.o.\/Hana S\u00fdkorov\u00e1, Jan Linhart a&nbsp;Jan Proch\u00e1zka. Zvl\u00e1\u0161tn\u00ed ocen\u011bn\u00ed poroty obdr\u017eel projekt MONNOM STUDIO\/Adriano Ferrer Escayola za p\u0159\u00ednosn\u00e9 podn\u011bty p\u0159edev\u0161\u00edm s\u00a0ohledem na \u0159e\u0161en\u00ed dopravy.<\/p>\r\n<p>\u201eNa\u0161\u00edm z\u00e1m\u011brem revitalizace ulice Franti\u0161ka K\u0159\u00ed\u017eka je vytvo\u0159en\u00ed p\u0159\u00edjemn\u00e9ho funk\u010dn\u00edho ve\u0159ejn\u00e9ho prostoru, kter\u00fd bude dob\u0159e slou\u017eit jak rezident\u016fm, tak ostatn\u00edm n\u00e1v\u0161t\u011bvn\u00edk\u016fm. Celou ulici vybavujeme pravideln\u011b vys\u00e1zen\u00fdmi stromy, kter\u00e9 poskytnou st\u00edn v&nbsp;hork\u00fdch letn\u00edch dnech, z\u00fatuln\u00ed \u0159e\u0161en\u00fd prostor a&nbsp;umo\u017en\u00ed um\u00edst\u011bn\u00ed p\u0159edzahr\u00e1dek p\u0159ilehl\u00fdch restaurac\u00ed a&nbsp;kav\u00e1ren. P\u0159edprostor t\u0159\u00ed nejd\u016fle\u017eit\u011bj\u0161\u00edch instituc\u00ed (Bio Oko, Z\u0160 Franti\u0161ky Plam\u00ednkov\u00e9 a&nbsp;Z\u0160 Letohradsk\u00e1) roz\u0161i\u0159ujeme a&nbsp;akcentujeme skupinami strom\u016f odli\u0161n\u00e9ho druhu. Tyto p\u0159edprostory budou vybaveny lavi\u010dkami, cyklostojany a&nbsp;odpadkov\u00fdmi ko\u0161i. Pr\u016fb\u011bh cel\u00e9 ulice je navr\u017een jako jednosm\u011brn\u00fd. D\u00edky tomu dos\u00e1hneme jednotn\u00e9ho uli\u010dn\u00edho profilu po cel\u00e9 d\u00e9lce \u0159e\u0161en\u00e9 ulice. Po obou stran\u00e1ch jednosm\u011brn\u00e9 komunikace umis\u0165ujeme pod\u00e9ln\u00e1 parkovac\u00ed st\u00e1n\u00ed,\u201c okomentoval v\u00edt\u011bzn\u00fd n\u00e1vrh jeho autor Josef Hlavat\u00fd.<\/p>\r\n<p>V\u00a0nejbli\u017e\u0161\u00edch t\u00fddnech povede radnice jedn\u00e1n\u00ed s\u00a0autory prvn\u00edch t\u0159\u00ed ocen\u011bn\u00fdch n\u00e1vrh\u016f, p\u0159i kter\u00e9m bude vybr\u00e1n zhotovitel projektov\u00e9 dokumentace. Zah\u00e1jen\u00ed rekonstrukce je napl\u00e1nov\u00e1no nejd\u0159\u00edve v\u00a0roce 2020.\u00a0 Investi\u010dn\u00ed n\u00e1klady stavby by nem\u011bly p\u0159ekro\u010dit 20 mil. K\u010d, bez DPH.<\/p>","protected":false},"excerpt":{"rendered":"[perex] V\u00a0listopadu lo\u0148sk\u00e9ho roku jsme vyhl\u00e1sili architektonickou sout\u011b\u017e \u201eRevitalizace ulice Franti\u0161ka K\u0159\u00ed\u017eka \u2013 Ulice pro Sedmi\u010dku\u201c. Ve st\u0159edu 21.&nbsp;3.&nbsp;2018 se na \u00fa\u0159ad\u011b m\u011bstsk\u00e9 \u010d\u00e1sti konalo slavnostn\u00ed vyhl\u00e1\u0161en\u00ed v\u00fdsledk\u016f spojen\u00e9 s\u00a0vernis\u00e1\u017e\u00ed v\u00fdstavy sout\u011b\u017en\u00edch n\u00e1vrh\u016f. Prvn\u00ed m\u00edsto z\u00edskal n\u00e1vrh architekta Josefa Hlavat\u00e9ho. [\/perex] Do architektonick\u00e9 sout\u011b\u017ee bylo p\u0159ihl\u00e1\u0161eno celkem 9 anonymizovan\u00fdch n\u00e1vrh\u016f. Odborn\u00e1 porota, kter\u00e9 p\u0159edsedala v\u00edde\u0148sk\u00e1 [&hellip;]","protected":false},"author":4,"featured_media":14490,"comment_status":"closed","ping_status":"open","sticky":false,"template":"","format":"standard","meta":[],"categories":[34,74],"tags":[94],"_links":{"self":[{"href":"https:\/\/www.praha7.cz\/api\/wp\/v2\/posts\/14489"}],"collection":[{"href":"https:\/\/www.praha7.cz\/api\/wp\/v2\/posts"}],"about":[{"href":"https:\/\/www.praha7.cz\/api\/wp\/v2\/types\/post"}],"author":[{"embeddable":true,"href":"https:\/\/www.praha7.cz\/api\/wp\/v2\/users\/4"}],"replies":[{"embeddable":true,"href":"https:\/\/www.praha7.cz\/api\/wp\/v2\/comments?post=14489"}],"version-history":[{"count":1,"href":"https:\/\/www.praha7.cz\/api\/wp\/v2\/posts\/14489\/revisions"}],"predecessor-version":[{"id":14491,"href":"https:\/\/www.praha7.cz\/api\/wp\/v2\/posts\/14489\/revisions\/14491"}],"wp:featuredmedia":[{"embeddable":true,"href":"https:\/\/www.praha7.cz\/api\/wp\/v2\/media\/14490"}],"wp:attachment":[{"href":"https:\/\/www.praha7.cz\/api\/wp\/v2\/media?parent=14489"}],"wp:term":[{"taxonomy":"category","embeddable":true,"href":"https:\/\/www.praha7.cz\/api\/wp\/v2\/categories?post=14489"},{"taxonomy":"post_tag","embeddable":true,"href":"https:\/\/www.praha7.cz\/api\/wp\/v2\/tags?post=14489"}],"curies":[{"name":"wp","href":"https:\/\/api.w.org\/{rel}","templated":true}]}}