    
{"id":13822,"date":"2018-03-13T12:10:16","date_gmt":"2018-03-13T11:10:16","guid":{"rendered":"https:\/\/praha7.cz\/?p=13822"},"modified":"2018-03-13T12:10:58","modified_gmt":"2018-03-13T11:10:58","slug":"slavnostni-vyhlaseni-architektonicke-souteze-o-navrh-revitalizace-ulice-frantiska-krizka","status":"publish","type":"post","link":"https:\/\/www.praha7.cz\/slavnostni-vyhlaseni-architektonicke-souteze-o-navrh-revitalizace-ulice-frantiska-krizka\/","title":{"rendered":"Slavnostn\u00ed vyhl\u00e1\u0161en\u00ed architektonick\u00e9 sout\u011b\u017ee o&nbsp;n\u00e1vrh revitalizace ulice Franti\u0161ka K\u0159\u00ed\u017eka"},"content":{"rendered":"<p>[perex]<\/p>\r\n<p>M\u011bstsk\u00e1 \u010d\u00e1st pl\u00e1nuje \u00fapravy jedn\u00e9 z\u00a0nejd\u016fle\u017eit\u011bj\u0161\u00edch letensk\u00fdch os, kter\u00e9 budou reflektovat pot\u0159eby obyvatel, zv\u00fd\u0161\u00ed bezpe\u010dnost a&nbsp;prostupnost ulice a&nbsp;p\u0159em\u011bn\u00ed ji v\u00a0p\u0159\u00edjemn\u00e9 pobytov\u00e9 m\u00edsto. Aby z\u00edskala co nejkvalitn\u011bj\u0161\u00ed n\u00e1vrh, vyhl\u00e1sila 27.&nbsp;listopadu 2017 sout\u011b\u017e o&nbsp;nejlep\u0161\u00ed architektonick\u00fd projekt. A&nbsp;m\u00e1me tu v\u00fdsledky! Srde\u010dn\u011b v\u00e1s zveme na slavnostn\u00ed vyhl\u00e1\u0161en\u00ed a&nbsp;z\u00e1rove\u0148 na vernis\u00e1\u017e v\u00fdstavy sout\u011b\u017en\u00edch n\u00e1vrh\u016f. Chcete v\u011bd\u011bt, jakou podobu bude m\u00edt\u00a0ulice Franti\u0161ka K\u0159\u00ed\u017eka? P\u0159ij\u010fte se pod\u00edvat.<\/p>\r\n<p>[\/perex]<\/p>\r\n<p>Po dvou pl\u00e1novac\u00edch setk\u00e1n\u00ed, na kter\u00fdch se sb\u00edraly podn\u011bty pro p\u0159ipravovanou architektonickou sout\u011b\u017e se v&nbsp;lednu minul\u00e9ho roku z\u00e1stupci m\u011bstsk\u00e9 \u010d\u00e1sti se\u0161li s\u00a0organizacemi, provozovnami a&nbsp;dal\u0161\u00edmi akt\u00e9ry, kte\u0159\u00ed v\u00a0ulici p\u016fsob\u00ed. Na toto setk\u00e1n\u00ed nav\u00e1zalo projedn\u00e1n\u00ed s\u00a0\u0161irokou ve\u0159ejnost\u00ed, kter\u00e9 se odehr\u00e1lo v&nbsp;kin\u011b Bio Oko. V&nbsp;listopadu 2017 byla vyps\u00e1na architektonick\u00e1 sout\u011b\u017e, kter\u00e1 m\u011bla za c\u00edl\u00a0 z\u00edskat co nejkvalitn\u011bj\u0161\u00ed n\u00e1vrhy \u00faprav, d\u00edky kter\u00fdm se zde bude moci vytvo\u0159it p\u0159\u00edjemn\u00e9 m\u00edsto odpov\u00eddaj\u00edc\u00ed v\u00fdznamu ulice. Slavnost\u00ed vyhl\u00e1\u0161en\u00ed v\u00fdsledk\u016f sout\u011b\u017ee a&nbsp;otev\u0159en\u00ed v\u00fdstavy v\u0161ech sout\u011b\u017en\u00edch n\u00e1vrh\u016f se uskute\u010dn\u00ed\u00a0<strong>21.&nbsp;b\u0159ezna od 17.00 hodin v&nbsp;Galerii na \u00fa\u0159ad\u011b<\/strong> ve 2.&nbsp;pat\u0159e (n\u00e1b\u0159. Kpt. Jaro\u0161e 1000).\u00a0<\/p>\r\n<p>T\u011b\u0161\u00edme se na v\u00e1s!<\/p>\r\n<p><a href=\"https:\/\/praha7.cz\/wp-content\/uploads\/2018\/03\/ulice-Franti\u0161ka-K\u0159\u00ed\u017eka-plakat.jpg\">pozv\u00e1nka<\/a><\/p>","protected":false},"excerpt":{"rendered":"[perex] M\u011bstsk\u00e1 \u010d\u00e1st pl\u00e1nuje \u00fapravy jedn\u00e9 z\u00a0nejd\u016fle\u017eit\u011bj\u0161\u00edch letensk\u00fdch os, kter\u00e9 budou reflektovat pot\u0159eby obyvatel, zv\u00fd\u0161\u00ed bezpe\u010dnost a&nbsp;prostupnost ulice a&nbsp;p\u0159em\u011bn\u00ed ji v\u00a0p\u0159\u00edjemn\u00e9 pobytov\u00e9 m\u00edsto. Aby z\u00edskala co nejkvalitn\u011bj\u0161\u00ed n\u00e1vrh, vyhl\u00e1sila 27.&nbsp;listopadu 2017 sout\u011b\u017e o&nbsp;nejlep\u0161\u00ed architektonick\u00fd projekt. A&nbsp;m\u00e1me tu v\u00fdsledky! Srde\u010dn\u011b v\u00e1s zveme na slavnostn\u00ed vyhl\u00e1\u0161en\u00ed a&nbsp;z\u00e1rove\u0148 na vernis\u00e1\u017e v\u00fdstavy sout\u011b\u017en\u00edch n\u00e1vrh\u016f. Chcete v\u011bd\u011bt, jakou podobu bude [&hellip;]","protected":false},"author":31,"featured_media":13827,"comment_status":"closed","ping_status":"open","sticky":false,"template":"","format":"standard","meta":[],"categories":[34],"tags":[],"_links":{"self":[{"href":"https:\/\/www.praha7.cz\/api\/wp\/v2\/posts\/13822"}],"collection":[{"href":"https:\/\/www.praha7.cz\/api\/wp\/v2\/posts"}],"about":[{"href":"https:\/\/www.praha7.cz\/api\/wp\/v2\/types\/post"}],"author":[{"embeddable":true,"href":"https:\/\/www.praha7.cz\/api\/wp\/v2\/users\/31"}],"replies":[{"embeddable":true,"href":"https:\/\/www.praha7.cz\/api\/wp\/v2\/comments?post=13822"}],"version-history":[{"count":2,"href":"https:\/\/www.praha7.cz\/api\/wp\/v2\/posts\/13822\/revisions"}],"predecessor-version":[{"id":13826,"href":"https:\/\/www.praha7.cz\/api\/wp\/v2\/posts\/13822\/revisions\/13826"}],"wp:featuredmedia":[{"embeddable":true,"href":"https:\/\/www.praha7.cz\/api\/wp\/v2\/media\/13827"}],"wp:attachment":[{"href":"https:\/\/www.praha7.cz\/api\/wp\/v2\/media?parent=13822"}],"wp:term":[{"taxonomy":"category","embeddable":true,"href":"https:\/\/www.praha7.cz\/api\/wp\/v2\/categories?post=13822"},{"taxonomy":"post_tag","embeddable":true,"href":"https:\/\/www.praha7.cz\/api\/wp\/v2\/tags?post=13822"}],"curies":[{"name":"wp","href":"https:\/\/api.w.org\/{rel}","templated":true}]}}