    
{"id":13619,"date":"2018-04-04T10:24:06","date_gmt":"2018-04-04T08:24:06","guid":{"rendered":"https:\/\/praha7.cz\/?p=13619"},"modified":"2018-04-04T13:32:53","modified_gmt":"2018-04-04T11:32:53","slug":"pracoviste-egovernmentu-bude-9-3-2018-uzavreno","status":"publish","type":"post","link":"https:\/\/www.praha7.cz\/pracoviste-egovernmentu-bude-9-3-2018-uzavreno\/","title":{"rendered":"Pracovi\u0161t\u011b eGovernmentu bude 23.&nbsp;b\u0159ezna a&nbsp;6.&nbsp;dubna uzav\u0159eno"},"content":{"rendered":"<p>[perex]<\/p>\r\n<p>Ve dnech 23.&nbsp;b\u0159ezna a&nbsp;6.&nbsp;dubna\u00a0bude pro n\u00e1v\u0161t\u011bvn\u00edky uzav\u0159eno pracovi\u0161t\u011b eGovernmentu v&nbsp;budov\u011b radnice. K&nbsp;dispozici v\u0161ak z\u016fstane pobo\u010dka IC v&nbsp;ulici Milady Hor\u00e1kov\u00e9, kam se se sv\u00fdmi z\u00e1le\u017eitostmi m\u016f\u017eete v&nbsp;b\u011b\u017en\u00fdch \u00fa\u0159edn\u00edch hodin\u00e1ch obracet.\u00a0<\/p>\r\n<p>[\/perex]<\/p>\r\n<p>Z\u00a0organiza\u010dn\u00edch d\u016fvod\u016f bude pracovi\u0161t\u011b eGovernmentu, n\u00e1b\u0159. Kpt. Jaro\u0161e 1000\/7, kancel\u00e1\u0159 \u010d. 33 ve dnech <strong>23.&nbsp;3.&nbsp;2018 a&nbsp;6.&nbsp;4.&nbsp;2018<\/strong> uzav\u0159eno.<\/p>\r\n<p>Sv\u00e9 z\u00e1le\u017eitosti m\u016f\u017eete vy\u0159\u00eddit na pracovi\u0161ti IC Milady Hor\u00e1kov\u00e9 2, Praha&nbsp;7 v&nbsp;\u00fa\u0159edn\u00edch hodin\u00e1ch: <br \/>\r\n 7:30 -12:00&nbsp;12:30 \u2013 14:00.<\/p>\r\n<p><br \/>\r\n D\u011bkujeme za pochopen\u00ed a&nbsp;omlouv\u00e1me se za p\u0159\u00edpadn\u00e9 komplikace<\/p>","protected":false},"excerpt":{"rendered":"[perex] Ve dnech 23.&nbsp;b\u0159ezna a&nbsp;6.&nbsp;dubna\u00a0bude pro n\u00e1v\u0161t\u011bvn\u00edky uzav\u0159eno pracovi\u0161t\u011b eGovernmentu v&nbsp;budov\u011b radnice. K&nbsp;dispozici v\u0161ak z\u016fstane pobo\u010dka IC v&nbsp;ulici Milady Hor\u00e1kov\u00e9, kam se se sv\u00fdmi z\u00e1le\u017eitostmi m\u016f\u017eete v&nbsp;b\u011b\u017en\u00fdch \u00fa\u0159edn\u00edch hodin\u00e1ch obracet.\u00a0 [\/perex] Z\u00a0organiza\u010dn\u00edch d\u016fvod\u016f bude pracovi\u0161t\u011b eGovernmentu, n\u00e1b\u0159. Kpt. Jaro\u0161e 1000\/7, kancel\u00e1\u0159 \u010d. 33 ve dnech 23.&nbsp;3.&nbsp;2018 a&nbsp;6.&nbsp;4.&nbsp;2018 uzav\u0159eno. Sv\u00e9 z\u00e1le\u017eitosti m\u016f\u017eete vy\u0159\u00eddit na pracovi\u0161ti IC [&hellip;]","protected":false},"author":31,"featured_media":13622,"comment_status":"closed","ping_status":"open","sticky":false,"template":"","format":"standard","meta":[],"categories":[34],"tags":[],"_links":{"self":[{"href":"https:\/\/www.praha7.cz\/api\/wp\/v2\/posts\/13619"}],"collection":[{"href":"https:\/\/www.praha7.cz\/api\/wp\/v2\/posts"}],"about":[{"href":"https:\/\/www.praha7.cz\/api\/wp\/v2\/types\/post"}],"author":[{"embeddable":true,"href":"https:\/\/www.praha7.cz\/api\/wp\/v2\/users\/31"}],"replies":[{"embeddable":true,"href":"https:\/\/www.praha7.cz\/api\/wp\/v2\/comments?post=13619"}],"version-history":[{"count":10,"href":"https:\/\/www.praha7.cz\/api\/wp\/v2\/posts\/13619\/revisions"}],"predecessor-version":[{"id":14313,"href":"https:\/\/www.praha7.cz\/api\/wp\/v2\/posts\/13619\/revisions\/14313"}],"wp:featuredmedia":[{"embeddable":true,"href":"https:\/\/www.praha7.cz\/api\/wp\/v2\/media\/13622"}],"wp:attachment":[{"href":"https:\/\/www.praha7.cz\/api\/wp\/v2\/media?parent=13619"}],"wp:term":[{"taxonomy":"category","embeddable":true,"href":"https:\/\/www.praha7.cz\/api\/wp\/v2\/categories?post=13619"},{"taxonomy":"post_tag","embeddable":true,"href":"https:\/\/www.praha7.cz\/api\/wp\/v2\/tags?post=13619"}],"curies":[{"name":"wp","href":"https:\/\/api.w.org\/{rel}","templated":true}]}}