    
{"id":13429,"date":"2018-01-01T11:05:49","date_gmt":"2018-01-01T10:05:49","guid":{"rendered":"https:\/\/praha7.cz\/?p=13429"},"modified":"2018-03-16T11:58:13","modified_gmt":"2018-03-16T10:58:13","slug":"zaznam-z-verejne-prezentace-technickeho-stavu-libenskeho-mostu","status":"publish","type":"post","link":"https:\/\/www.praha7.cz\/zaznam-z-verejne-prezentace-technickeho-stavu-libenskeho-mostu\/","title":{"rendered":"Z\u00e1znam z&nbsp;ve\u0159ejn\u00e9 prezentace technick\u00e9ho stavu Libe\u0148sk\u00e9ho mostu"},"content":{"rendered":"<p>[perex]<\/p>\r\n<p>M\u010c Praha&nbsp;7 uspo\u0159\u00e1dala dne 26.&nbsp;2.&nbsp;2018 ve\u0159ejnou prezentaci expertn\u00ed zpr\u00e1vy Kloknerova \u00fastavu \u010cVUT o&nbsp;aktu\u00e1ln\u00edm technick\u00e9m stavu Libe\u0148sk\u00e9ho mostu. Zde v\u00e1m p\u0159in\u00e1\u0161\u00edme kompletn\u00ed z\u00e1znam.<\/p>\r\n<p>[\/perex]<\/p>\r\n<p>Prezentaci vedl \u0159editel Kloknerova \u00fastavu doc. Ing. Ji\u0159\u00ed Kol\u00edsko, Ph. D.<\/p>\r\n<p>&nbsp;<\/p>\r\n<p>Z\u00e1znam prezentace najdete<a href=\"https:\/\/www.youtube.com\/watch?v=eOtCUPQwBAo&amp;list=PLhx7K_xZ34I_J8_JR6F_DAwoA5pJ8TMa7\"> zde<\/a>.<\/p>","protected":false},"excerpt":{"rendered":"[perex] M\u010c Praha&nbsp;7 uspo\u0159\u00e1dala dne 26.&nbsp;2.&nbsp;2018 ve\u0159ejnou prezentaci expertn\u00ed zpr\u00e1vy Kloknerova \u00fastavu \u010cVUT o&nbsp;aktu\u00e1ln\u00edm technick\u00e9m stavu Libe\u0148sk\u00e9ho mostu. Zde v\u00e1m p\u0159in\u00e1\u0161\u00edme kompletn\u00ed z\u00e1znam. [\/perex] Prezentaci vedl \u0159editel Kloknerova \u00fastavu doc. Ing. Ji\u0159\u00ed Kol\u00edsko, Ph. D. &nbsp; Z\u00e1znam prezentace najdete zde.","protected":false},"author":5,"featured_media":13430,"comment_status":"closed","ping_status":"open","sticky":false,"template":"","format":"standard","meta":[],"categories":[36,1],"tags":[],"_links":{"self":[{"href":"https:\/\/www.praha7.cz\/api\/wp\/v2\/posts\/13429"}],"collection":[{"href":"https:\/\/www.praha7.cz\/api\/wp\/v2\/posts"}],"about":[{"href":"https:\/\/www.praha7.cz\/api\/wp\/v2\/types\/post"}],"author":[{"embeddable":true,"href":"https:\/\/www.praha7.cz\/api\/wp\/v2\/users\/5"}],"replies":[{"embeddable":true,"href":"https:\/\/www.praha7.cz\/api\/wp\/v2\/comments?post=13429"}],"version-history":[{"count":1,"href":"https:\/\/www.praha7.cz\/api\/wp\/v2\/posts\/13429\/revisions"}],"predecessor-version":[{"id":13431,"href":"https:\/\/www.praha7.cz\/api\/wp\/v2\/posts\/13429\/revisions\/13431"}],"wp:featuredmedia":[{"embeddable":true,"href":"https:\/\/www.praha7.cz\/api\/wp\/v2\/media\/13430"}],"wp:attachment":[{"href":"https:\/\/www.praha7.cz\/api\/wp\/v2\/media?parent=13429"}],"wp:term":[{"taxonomy":"category","embeddable":true,"href":"https:\/\/www.praha7.cz\/api\/wp\/v2\/categories?post=13429"},{"taxonomy":"post_tag","embeddable":true,"href":"https:\/\/www.praha7.cz\/api\/wp\/v2\/tags?post=13429"}],"curies":[{"name":"wp","href":"https:\/\/api.w.org\/{rel}","templated":true}]}}