    
{"id":13420,"date":"2018-02-26T17:04:37","date_gmt":"2018-02-26T16:04:37","guid":{"rendered":"https:\/\/praha7.cz\/?p=13420"},"modified":"2018-02-26T17:04:37","modified_gmt":"2018-02-26T16:04:37","slug":"tramvaji-pres-libensky-most-uz-od-pristi-soboty","status":"publish","type":"post","link":"https:\/\/www.praha7.cz\/tramvaji-pres-libensky-most-uz-od-pristi-soboty\/","title":{"rendered":"Tramvaj\u00ed p\u0159es Libe\u0148sk\u00fd most u\u017e od p\u0159\u00ed\u0161t\u00ed soboty"},"content":{"rendered":"<p>[perex]<\/p>\r\n<p>Libe\u0148sk\u00fd most bude od soboty 3.&nbsp;b\u0159ezna otev\u0159en pro m\u011bstskou hromadnou dopravu, konkr\u00e9tn\u011b tramvaje. Funk\u010dn\u00ed stav mostu mus\u00ed nejprve potvrdit nez\u00e1visl\u00fd statik. Auta by se pak na most mohla vr\u00e1tit v\u00a0polovin\u011b m\u011bs\u00edce po zku\u0161ebn\u00edm provozu.<\/p>\r\n<p>[\/perex]<\/p>\r\n<p>Stavebn\u00ed pr\u00e1ce na podep\u0159en\u00ed tr\u00e1mov\u00fdch konstrukc\u00ed Libe\u0148sk\u00e9ho mostu budou hotov\u00e9 ke konci \u00fanora, a&nbsp;to aktivac\u00ed samotn\u00e9ho podep\u0159en\u00ed. N\u00e1sledn\u011b prob\u011bhne mimo\u0159\u00e1dn\u00e1 prohl\u00eddka mostu, kdy by nez\u00e1visl\u00fd statik m\u011bl potvrdit funk\u010dn\u00ed stav mostu. V\u00fdsledky prohl\u00eddky budou z\u00e1rove\u0148 podkladem pro p\u0159e\u0159azen\u00ed mostu do kategorie stavu 6, tedy k\u00a0mo\u017en\u00e9mu provozu s&nbsp;v\u00fdhradou.<\/p>\r\n<p>V\u00a0p\u0159\u00edpad\u011b, \u017ee nenastanou \u017e\u00e1dn\u00e9 technick\u00e9 komplikace, tramvaje se na most vr\u00e1t\u00ed od za\u010d\u00e1tku rann\u00edho provozu 3.\u00a0b\u0159ezna.<\/p>\r\n<p>V\u00a0nadch\u00e1zej\u00edc\u00edch 14 dnech pak na most\u011b bude tzv. zku\u0161ebn\u00ed provoz, kdy na podep\u0159en\u00e9 \u010d\u00e1sti mostu bude prob\u00edhat pr\u016fb\u011b\u017en\u00e1 kontrola jej\u00edho stavu.<\/p>\r\n<p>&nbsp;<\/p>","protected":false},"excerpt":{"rendered":"[perex] Libe\u0148sk\u00fd most bude od soboty 3.&nbsp;b\u0159ezna otev\u0159en pro m\u011bstskou hromadnou dopravu, konkr\u00e9tn\u011b tramvaje. Funk\u010dn\u00ed stav mostu mus\u00ed nejprve potvrdit nez\u00e1visl\u00fd statik. Auta by se pak na most mohla vr\u00e1tit v\u00a0polovin\u011b m\u011bs\u00edce po zku\u0161ebn\u00edm provozu. [\/perex] Stavebn\u00ed pr\u00e1ce na podep\u0159en\u00ed tr\u00e1mov\u00fdch konstrukc\u00ed Libe\u0148sk\u00e9ho mostu budou hotov\u00e9 ke konci \u00fanora, a&nbsp;to aktivac\u00ed samotn\u00e9ho podep\u0159en\u00ed. N\u00e1sledn\u011b prob\u011bhne [&hellip;]","protected":false},"author":5,"featured_media":13421,"comment_status":"closed","ping_status":"open","sticky":false,"template":"","format":"standard","meta":[],"categories":[34],"tags":[],"_links":{"self":[{"href":"https:\/\/www.praha7.cz\/api\/wp\/v2\/posts\/13420"}],"collection":[{"href":"https:\/\/www.praha7.cz\/api\/wp\/v2\/posts"}],"about":[{"href":"https:\/\/www.praha7.cz\/api\/wp\/v2\/types\/post"}],"author":[{"embeddable":true,"href":"https:\/\/www.praha7.cz\/api\/wp\/v2\/users\/5"}],"replies":[{"embeddable":true,"href":"https:\/\/www.praha7.cz\/api\/wp\/v2\/comments?post=13420"}],"version-history":[{"count":1,"href":"https:\/\/www.praha7.cz\/api\/wp\/v2\/posts\/13420\/revisions"}],"predecessor-version":[{"id":13422,"href":"https:\/\/www.praha7.cz\/api\/wp\/v2\/posts\/13420\/revisions\/13422"}],"wp:featuredmedia":[{"embeddable":true,"href":"https:\/\/www.praha7.cz\/api\/wp\/v2\/media\/13421"}],"wp:attachment":[{"href":"https:\/\/www.praha7.cz\/api\/wp\/v2\/media?parent=13420"}],"wp:term":[{"taxonomy":"category","embeddable":true,"href":"https:\/\/www.praha7.cz\/api\/wp\/v2\/categories?post=13420"},{"taxonomy":"post_tag","embeddable":true,"href":"https:\/\/www.praha7.cz\/api\/wp\/v2\/tags?post=13420"}],"curies":[{"name":"wp","href":"https:\/\/api.w.org\/{rel}","templated":true}]}}