    
{"id":13306,"date":"2018-02-19T12:57:25","date_gmt":"2018-02-19T11:57:25","guid":{"rendered":"https:\/\/praha7.cz\/?p=13306"},"modified":"2018-02-19T12:57:25","modified_gmt":"2018-02-19T11:57:25","slug":"libensky-most-nebyl-prohlasen-pamatkou-je-treba-urychlene-zacit-s-rekonstrukci","status":"publish","type":"post","link":"https:\/\/www.praha7.cz\/libensky-most-nebyl-prohlasen-pamatkou-je-treba-urychlene-zacit-s-rekonstrukci\/","title":{"rendered":"Libe\u0148sk\u00fd most nebyl prohl\u00e1\u0161en pam\u00e1tkou, je t\u0159eba urychlen\u011b za\u010d\u00edt s&nbsp;rekonstrukc\u00ed"},"content":{"rendered":"<p>[perex]<\/p>\r\n<p>Ministerstvo kultury neprohl\u00e1silo Libe\u0148sk\u00fd most za pam\u00e1tku. Rozhodnut\u00ed je\u0161t\u011b nen\u00ed pravomocn\u00e9. Praha&nbsp;7 po\u017eaduje urychlen\u00e9 zah\u00e1jen\u00ed rekonstrukce mostu. V\u00a0pond\u011bl\u00ed 26.&nbsp;2.&nbsp;od 20 hodin m\u011bstsk\u00e1 \u010d\u00e1st po\u0159\u00e1d\u00e1 ve\u0159ejnou prezentaci expertn\u00ed zpr\u00e1vy Kloknerova \u00fastavu.<\/p>\r\n<p>[\/perex]<\/p>\r\n<p>Rozhodnut\u00ed bylo \u00fa\u010dastn\u00edk\u016fm \u0159\u00edzen\u00ed odesl\u00e1no datovou schr\u00e1nkou. Ode dne doru\u010den\u00ed b\u011b\u017e\u00ed 15denn\u00ed z\u00e1konn\u00e1 lh\u016fta pro pod\u00e1n\u00ed opravn\u00fdch prost\u0159edk\u016f; znamen\u00e1 to tedy, \u017ee v&nbsp;tento okam\u017eik rozhodnut\u00ed Ministerstva kultury zat\u00edm nen\u00ed pravomocn\u00e9. Vzhledem k\u00a0tomu, \u017ee dle z\u00e1kona nen\u00ed \u0159\u00edzen\u00ed ukon\u010den\u00e9, ministerstvo zat\u00edm nezve\u0159ejnilo podrobn\u011bj\u0161\u00ed informace.<\/p>\r\n<p>\u201eObecn\u011b se m\u00e1 za to, \u017ee Ministerstvo kultury bude konstatovat, 1) \u017ee nen\u00ed pochyb, \u017ee Libe\u0148sk\u00fd most by pam\u00e1tkou m\u011bl b\u00fdt, ale \u017ee 2) jsou pochyby, kolik z&nbsp;n\u011bj lze zachr\u00e1nit, proto k&nbsp;prohl\u00e1\u0161en\u00ed pam\u00e1tkou nedo\u0161lo. Na druhou stranu to umo\u017e\u0148uje most levn\u011bji zrekonstruovat podle n\u00e1vrhu Kloknerova \u00fastavu a&nbsp;TSK z&nbsp;leto\u0161n\u00edho roku. Je nutn\u00e9 je\u0161t\u011b dodat, \u017ee n\u00e1vrh Kloknerova \u00fastavu a&nbsp;TSK zachov\u00e1v\u00e1 v\u0161echny architektonicky d\u016fle\u017eit\u00e9 sou\u010d\u00e1sti a&nbsp;sou\u010dasn\u011b vyhov\u00ed dne\u0161n\u00edm norm\u00e1m,\u201c uvedl starosta Prahy&nbsp;7 Jan \u010ci\u017einsk\u00fd (PRAHA&nbsp;7 SOB\u011a).\u00a0<\/p>\r\n<p>M\u010c Praha&nbsp;7 po\u0159\u00e1d\u00e1 v\u00a0pond\u011bl\u00ed 26.&nbsp;2.&nbsp;2018 od 20 hodin ve\u0159ejnou prezentaci expertn\u00ed zpr\u00e1vy Kloknerova \u00fastavu \u010cVUT o&nbsp;technick\u00e9m stavu Libe\u0148sk\u00e9ho mostu.<\/p>\r\n<p>Zaj\u00edmaj\u00ed V\u00e1s v\u00fdsledky diagnostiky a&nbsp;statick\u00fdch anal\u00fdz zav\u0159en\u00e9ho Libe\u0148sk\u00e9ho mostu? Jak\u00fd je jeho re\u00e1ln\u00fd technick\u00fd stav a&nbsp;v\u00fdhledy do budoucna o\u010dima odborn\u00edk\u016f? Prezentaci povede \u0159editel Kloknerova \u00fastavu Ing. Ji\u0159\u00ed Kol\u00edsko.<\/p>\r\n<p>&nbsp;<\/p>","protected":false},"excerpt":{"rendered":"[perex] Ministerstvo kultury neprohl\u00e1silo Libe\u0148sk\u00fd most za pam\u00e1tku. Rozhodnut\u00ed je\u0161t\u011b nen\u00ed pravomocn\u00e9. Praha&nbsp;7 po\u017eaduje urychlen\u00e9 zah\u00e1jen\u00ed rekonstrukce mostu. V\u00a0pond\u011bl\u00ed 26.&nbsp;2.&nbsp;od 20 hodin m\u011bstsk\u00e1 \u010d\u00e1st po\u0159\u00e1d\u00e1 ve\u0159ejnou prezentaci expertn\u00ed zpr\u00e1vy Kloknerova \u00fastavu. [\/perex] Rozhodnut\u00ed bylo \u00fa\u010dastn\u00edk\u016fm \u0159\u00edzen\u00ed odesl\u00e1no datovou schr\u00e1nkou. Ode dne doru\u010den\u00ed b\u011b\u017e\u00ed 15denn\u00ed z\u00e1konn\u00e1 lh\u016fta pro pod\u00e1n\u00ed opravn\u00fdch prost\u0159edk\u016f; znamen\u00e1 to tedy, \u017ee v&nbsp;tento [&hellip;]","protected":false},"author":4,"featured_media":13307,"comment_status":"closed","ping_status":"open","sticky":false,"template":"","format":"standard","meta":[],"categories":[34],"tags":[],"_links":{"self":[{"href":"https:\/\/www.praha7.cz\/api\/wp\/v2\/posts\/13306"}],"collection":[{"href":"https:\/\/www.praha7.cz\/api\/wp\/v2\/posts"}],"about":[{"href":"https:\/\/www.praha7.cz\/api\/wp\/v2\/types\/post"}],"author":[{"embeddable":true,"href":"https:\/\/www.praha7.cz\/api\/wp\/v2\/users\/4"}],"replies":[{"embeddable":true,"href":"https:\/\/www.praha7.cz\/api\/wp\/v2\/comments?post=13306"}],"version-history":[{"count":1,"href":"https:\/\/www.praha7.cz\/api\/wp\/v2\/posts\/13306\/revisions"}],"predecessor-version":[{"id":13308,"href":"https:\/\/www.praha7.cz\/api\/wp\/v2\/posts\/13306\/revisions\/13308"}],"wp:featuredmedia":[{"embeddable":true,"href":"https:\/\/www.praha7.cz\/api\/wp\/v2\/media\/13307"}],"wp:attachment":[{"href":"https:\/\/www.praha7.cz\/api\/wp\/v2\/media?parent=13306"}],"wp:term":[{"taxonomy":"category","embeddable":true,"href":"https:\/\/www.praha7.cz\/api\/wp\/v2\/categories?post=13306"},{"taxonomy":"post_tag","embeddable":true,"href":"https:\/\/www.praha7.cz\/api\/wp\/v2\/tags?post=13306"}],"curies":[{"name":"wp","href":"https:\/\/api.w.org\/{rel}","templated":true}]}}