    
{"id":13140,"date":"2018-02-02T10:49:27","date_gmt":"2018-02-02T09:49:27","guid":{"rendered":"https:\/\/praha7.cz\/?p=13140"},"modified":"2018-02-02T10:49:27","modified_gmt":"2018-02-02T09:49:27","slug":"nove-parkovani-pred-uradem-mc-praha-7","status":"publish","type":"post","link":"https:\/\/www.praha7.cz\/nove-parkovani-pred-uradem-mc-praha-7\/","title":{"rendered":"Nov\u00e9 parkov\u00e1n\u00ed p\u0159ed \u00da\u0159adem M\u010c Praha&nbsp;7"},"content":{"rendered":"<p>[perex]<\/p>\r\n<p>Informujeme n\u00e1v\u0161t\u011bvn\u00edky \u00da\u0159adu M\u010c Praha&nbsp;7 a&nbsp;finan\u010dn\u00edch \u00fa\u0159ad\u016f, kter\u00e9 s\u00eddl\u00ed na n\u00e1b\u0159. Kpt. Jaro\u0161e 1000, \u017ee nedaleko vstupu do budovy (sm\u011brem od \u0159eky) vznikla nov\u00e1 parkovac\u00ed m\u00edsta. Parkov\u00e1n\u00ed je zde v&nbsp;re\u017eimu n\u00e1v\u0161t\u011bvnick\u00e9 z\u00f3ny.<\/p>\r\n<p>[\/perex]<\/p>\r\n<p>K\u00a0zaveden\u00ed parkovac\u00edch m\u00edst na n\u00e1b\u0159. Kpt. Jaro\u0161e do\u0161lo v\u00a0r\u00e1mci spu\u0161t\u011bn\u00ed nov\u00fdch z\u00f3n placen\u00e9ho st\u00e1n\u00ed. V\u00a0koordinaci s\u00a0hlavn\u00edm m\u011bstem a&nbsp;Technickou spr\u00e1vou komunikac\u00ed zde byla realizov\u00e1na \u00faprava dopravn\u00edho re\u017eimu, v\u010detn\u011b p\u0159\u00edslu\u0161n\u00e9ho vodorovn\u00e9ho zna\u010den\u00ed na vozovce. V\u00a0\u00faseku od k\u0159i\u017eovatky s\u00a0ul. Dukelsk\u00fdch hrdin\u016f k\u00a0n\u00e1jezdu na Hl\u00e1vk\u016fv most zde p\u0159ibylo cca 15 m\u00edst v&nbsp;oran\u017eov\u00e9 z\u00f3n\u011b. Na z\u00e1klad\u011b fungov\u00e1n\u00ed z\u00f3n v\u00a0Praze 7 jsou m\u00edsta od 8 do 18 hodin vyhrazena n\u00e1v\u0161t\u011bvn\u00edk\u016fm a&nbsp;po ukon\u010den\u00ed provozu od 18 do 8 hodin mohou t\u011bchto m\u00edst vyu\u017e\u00edt i&nbsp;rezidenti pro ve\u010dern\u00ed a&nbsp;no\u010dn\u00ed parkov\u00e1n\u00ed.<\/p>","protected":false},"excerpt":{"rendered":"[perex] Informujeme n\u00e1v\u0161t\u011bvn\u00edky \u00da\u0159adu M\u010c Praha&nbsp;7 a&nbsp;finan\u010dn\u00edch \u00fa\u0159ad\u016f, kter\u00e9 s\u00eddl\u00ed na n\u00e1b\u0159. Kpt. Jaro\u0161e 1000, \u017ee nedaleko vstupu do budovy (sm\u011brem od \u0159eky) vznikla nov\u00e1 parkovac\u00ed m\u00edsta. Parkov\u00e1n\u00ed je zde v&nbsp;re\u017eimu n\u00e1v\u0161t\u011bvnick\u00e9 z\u00f3ny. [\/perex] K\u00a0zaveden\u00ed parkovac\u00edch m\u00edst na n\u00e1b\u0159. Kpt. Jaro\u0161e do\u0161lo v\u00a0r\u00e1mci spu\u0161t\u011bn\u00ed nov\u00fdch z\u00f3n placen\u00e9ho st\u00e1n\u00ed. V\u00a0koordinaci s\u00a0hlavn\u00edm m\u011bstem a&nbsp;Technickou spr\u00e1vou komunikac\u00ed zde [&hellip;]","protected":false},"author":4,"featured_media":13141,"comment_status":"closed","ping_status":"open","sticky":false,"template":"","format":"standard","meta":[],"categories":[34,77,78],"tags":[],"_links":{"self":[{"href":"https:\/\/www.praha7.cz\/api\/wp\/v2\/posts\/13140"}],"collection":[{"href":"https:\/\/www.praha7.cz\/api\/wp\/v2\/posts"}],"about":[{"href":"https:\/\/www.praha7.cz\/api\/wp\/v2\/types\/post"}],"author":[{"embeddable":true,"href":"https:\/\/www.praha7.cz\/api\/wp\/v2\/users\/4"}],"replies":[{"embeddable":true,"href":"https:\/\/www.praha7.cz\/api\/wp\/v2\/comments?post=13140"}],"version-history":[{"count":1,"href":"https:\/\/www.praha7.cz\/api\/wp\/v2\/posts\/13140\/revisions"}],"predecessor-version":[{"id":13142,"href":"https:\/\/www.praha7.cz\/api\/wp\/v2\/posts\/13140\/revisions\/13142"}],"wp:featuredmedia":[{"embeddable":true,"href":"https:\/\/www.praha7.cz\/api\/wp\/v2\/media\/13141"}],"wp:attachment":[{"href":"https:\/\/www.praha7.cz\/api\/wp\/v2\/media?parent=13140"}],"wp:term":[{"taxonomy":"category","embeddable":true,"href":"https:\/\/www.praha7.cz\/api\/wp\/v2\/categories?post=13140"},{"taxonomy":"post_tag","embeddable":true,"href":"https:\/\/www.praha7.cz\/api\/wp\/v2\/tags?post=13140"}],"curies":[{"name":"wp","href":"https:\/\/api.w.org\/{rel}","templated":true}]}}