    
{"id":13129,"date":"2018-02-01T14:19:43","date_gmt":"2018-02-01T13:19:43","guid":{"rendered":"https:\/\/praha7.cz\/?p=13129"},"modified":"2018-03-18T05:02:19","modified_gmt":"2018-03-18T04:02:19","slug":"na-zaklade-analyzy-libenskeho-mostu-praha-7-pozaduje-urychlene-zahajeni-rekonstrukce-a-reseni-nahradniho-vedeni-mhd","status":"publish","type":"post","link":"https:\/\/www.praha7.cz\/na-zaklade-analyzy-libenskeho-mostu-praha-7-pozaduje-urychlene-zahajeni-rekonstrukce-a-reseni-nahradniho-vedeni-mhd\/","title":{"rendered":"Na z\u00e1klad\u011b anal\u00fdzy Libe\u0148sk\u00e9ho mostu Praha&nbsp;7 po\u017eaduje urychlen\u00e9 zah\u00e1jen\u00ed rekonstrukce"},"content":{"rendered":"<p>[perex]<\/p>\r\n<p>Hlavn\u00ed m\u011bsto Praha obdr\u017eelo ve st\u0159edu 31.&nbsp;ledna 2018 expertn\u00ed zpr\u00e1vu Kloknerova \u00fastavu \u010cVUT o&nbsp;stavu Libe\u0148sk\u00e9ho mostu. Z\u00a0podrobn\u00e9 anal\u00fdzy vypl\u00fdv\u00e1, \u017ee je mo\u017en\u00e9 most opravit a&nbsp;z\u00e1rove\u0148 nelze pokra\u010dovat ve star\u00e9m\u00a0projektu bour\u00e1n\u00ed a&nbsp;roz\u0161i\u0159ov\u00e1n\u00ed mostu. Praha&nbsp;7 po\u017eaduje urychlen\u00e9 zah\u00e1jen\u00ed prac\u00ed na rekonstrukci mostu a&nbsp;p\u0159\u00edprav\u011b \u0159e\u0161en\u00ed hromadn\u00e9 dopravy v\u00a0dob\u011b oprav.<\/p>\r\n<p>[\/perex]<\/p>\r\n<p>\u201ePan n\u00e1m\u011bstek Petr Dol\u00ednek by se m\u011bl omluvit v\u0161em, kte\u0159\u00ed se anga\u017eovali v&nbsp;p\u0159ijet\u00ed usnesen\u00ed pra\u017esk\u00e9ho zastupitelstva z&nbsp;\u00fanora 2016 o&nbsp;oprav\u011b Libe\u0148sk\u00e9ho mostu. Jak potvrdil Klokner\u016fv \u00fastav, toto usnesen\u00ed zabr\u00e1nilo neuv\u011b\u0159iteln\u00e9mu pr\u016f\u0161vihu, ke kter\u00e9mu by do\u0161lo v&nbsp;p\u0159\u00edpad\u011b zbour\u00e1n\u00ed. Zjistilo by se, \u017ee pil\u00ed\u0159e nov\u00fd most neunesou, a&nbsp;neexistoval by ani projekt ani n\u00e1hradn\u00ed most. Libe\u0148sk\u00fd most m\u011bl b\u00fdt ji\u017e dva roky rekonstruov\u00e1n v\u00a0souladu s\u00a0usnesen\u00edmi hlavn\u00edho m\u011bsta, Prahy&nbsp;7 a&nbsp;Prahy 8. P\u0159edev\u0161\u00edm pak r\u00e1mov\u00e9 konstrukce, kv\u016fli kter\u00fdm je dnes zav\u0159en\u00fd, ji\u017e mohly b\u00fdt d\u00e1vno opraven\u00e9,\u201c uvedl starosta Prahy&nbsp;7 Jan \u010ci\u017einsk\u00fd (PRAHA&nbsp;7 SOB\u011a).<\/p>\r\n<p>Praha&nbsp;7 po\u017eaduje, aby byl v\u00a0co nejkrat\u0161\u00ed dob\u011b vypracov\u00e1n projekt citliv\u00e9 rekonstrukce Libe\u0148sk\u00e9ho mostu, kter\u00e1 p\u0159edstavuje nej\u0161etrn\u011bj\u0161\u00ed \u0159e\u0161en\u00ed pro obyvatele Prahy. V\u00a0p\u0159\u00edpad\u011b, \u017ee nebude mo\u017en\u00e9 most rekonstruovat po \u010d\u00e1stech, je t\u0159eba zajistit n\u00e1hradn\u00ed \u0159e\u0161en\u00ed pro hromadnou dopravu.<\/p>\r\n<p>\u201eS variantou veden\u00ed tramvaj\u00ed po n\u00e1hradn\u00edm p\u0159emost\u011bn\u00ed je t\u0159eba re\u00e1ln\u011b po\u010d\u00edtat. Proto mus\u00ed b\u00fdt ihned sou\u010dasn\u011b s&nbsp;projektem rekonstrukce p\u0159ipravov\u00e1n takzvan\u00fd r\u00e1mus\u00e1k, kter\u00fd by zabezpe\u010dil tramvajovou dopravu v\u00a0pr\u016fb\u011bhu oprav mostu,\u201c doplnil z\u00e1stupce starosty Ond\u0159ej Mirovsk\u00fd (Strana zelen\u00fdch).\u00a0<\/p>\r\n<p>&nbsp;<\/p>","protected":false},"excerpt":{"rendered":"[perex] Hlavn\u00ed m\u011bsto Praha obdr\u017eelo ve st\u0159edu 31.&nbsp;ledna 2018 expertn\u00ed zpr\u00e1vu Kloknerova \u00fastavu \u010cVUT o&nbsp;stavu Libe\u0148sk\u00e9ho mostu. Z\u00a0podrobn\u00e9 anal\u00fdzy vypl\u00fdv\u00e1, \u017ee je mo\u017en\u00e9 most opravit a&nbsp;z\u00e1rove\u0148 nelze pokra\u010dovat ve star\u00e9m\u00a0projektu bour\u00e1n\u00ed a&nbsp;roz\u0161i\u0159ov\u00e1n\u00ed mostu. Praha&nbsp;7 po\u017eaduje urychlen\u00e9 zah\u00e1jen\u00ed prac\u00ed na rekonstrukci mostu a&nbsp;p\u0159\u00edprav\u011b \u0159e\u0161en\u00ed hromadn\u00e9 dopravy v\u00a0dob\u011b oprav. [\/perex] \u201ePan n\u00e1m\u011bstek Petr Dol\u00ednek by se m\u011bl [&hellip;]","protected":false},"author":4,"featured_media":13130,"comment_status":"closed","ping_status":"open","sticky":false,"template":"","format":"standard","meta":[],"categories":[34,74],"tags":[94],"_links":{"self":[{"href":"https:\/\/www.praha7.cz\/api\/wp\/v2\/posts\/13129"}],"collection":[{"href":"https:\/\/www.praha7.cz\/api\/wp\/v2\/posts"}],"about":[{"href":"https:\/\/www.praha7.cz\/api\/wp\/v2\/types\/post"}],"author":[{"embeddable":true,"href":"https:\/\/www.praha7.cz\/api\/wp\/v2\/users\/4"}],"replies":[{"embeddable":true,"href":"https:\/\/www.praha7.cz\/api\/wp\/v2\/comments?post=13129"}],"version-history":[{"count":2,"href":"https:\/\/www.praha7.cz\/api\/wp\/v2\/posts\/13129\/revisions"}],"predecessor-version":[{"id":13132,"href":"https:\/\/www.praha7.cz\/api\/wp\/v2\/posts\/13129\/revisions\/13132"}],"wp:featuredmedia":[{"embeddable":true,"href":"https:\/\/www.praha7.cz\/api\/wp\/v2\/media\/13130"}],"wp:attachment":[{"href":"https:\/\/www.praha7.cz\/api\/wp\/v2\/media?parent=13129"}],"wp:term":[{"taxonomy":"category","embeddable":true,"href":"https:\/\/www.praha7.cz\/api\/wp\/v2\/categories?post=13129"},{"taxonomy":"post_tag","embeddable":true,"href":"https:\/\/www.praha7.cz\/api\/wp\/v2\/tags?post=13129"}],"curies":[{"name":"wp","href":"https:\/\/api.w.org\/{rel}","templated":true}]}}