    
{"id":11672,"date":"2018-01-03T09:48:49","date_gmt":"2018-01-03T08:48:49","guid":{"rendered":"https:\/\/praha7.cz\/?p=11672"},"modified":"2018-01-04T14:18:00","modified_gmt":"2018-01-04T13:18:00","slug":"vanocni-stromky-do-popelnice-nepatri","status":"publish","type":"post","link":"https:\/\/www.praha7.cz\/vanocni-stromky-do-popelnice-nepatri\/","title":{"rendered":"V\u00e1no\u010dn\u00ed stromky do popelnice nepat\u0159\u00ed"},"content":{"rendered":"<p>[perex]<\/p>\r\n<p>Vyhozen\u00e9 v\u00e1no\u010dn\u00ed stromky nepat\u0159\u00ed do n\u00e1dob na sm\u011bsn\u00fd odpad, proto\u017ee t\u00edm sni\u017euj\u00ed jejich kapacitu.<\/p>\r\n<p>[\/perex]<\/p>\r\n<p>\u201eV p\u0159\u00edpad\u011b, \u017ee m\u00e1te ve\u0159ejn\u011b p\u0159\u00edstupnou popelnici nebo kontejner na sm\u011bsn\u00fd odpad (nap\u0159\u00edklad na s\u00eddli\u0161ti), lze stromky voln\u011b odlo\u017eit vedle nich. Pokud nem\u00e1te popelnici voln\u011b p\u0159\u00edstupnou z&nbsp;ulice (n\u011bkter\u00e9 \u010din\u017eovn\u00ed domy a&nbsp;rodinn\u00e9 domy), pros\u00edme o&nbsp;odlo\u017een\u00ed v\u00e1no\u010dn\u00edho stromku u&nbsp;nejbli\u017e\u0161\u00edho kontejneru na t\u0159\u00edd\u011bn\u00fd odpad,\u201c vyz\u00fdv\u00e1 tiskov\u00fd mluv\u010d\u00ed Pra\u017esk\u00fdch slu\u017eeb Radim Mana. Jejich odvoz za\u010dal den po \u0160t\u011bdr\u00e9m ve\u010deru a&nbsp;n\u00e1sledn\u011b bude prob\u00edhat po cel\u00fd leden a&nbsp;\u00fanor.<\/p>\r\n<p>Kone\u010dn\u00e1 zast\u00e1vka pro v\u00e1no\u010dn\u00ed stromky je u&nbsp;odb\u011bratele, kter\u00fd se zab\u00fdv\u00e1 zpracov\u00e1n\u00edm d\u0159eva. Stromky jsou nadrceny a&nbsp;n\u00e1sledn\u011b vyu\u017eity nap\u0159. v\u00a0zahr\u00e1dk\u00e1\u0159sk\u00e9m pr\u016fmyslu do kompostu. Zne\u010di\u0161t\u011bn\u00e9 nebo nedostate\u010dn\u011b odstrojen\u00e9 stromky putuj\u00ed spole\u010dn\u011b se sm\u011bsn\u00fdm odpadem k&nbsp;energetick\u00e9mu vyu\u017eit\u00ed do ZEVO Male\u0161ice. V\u00fdjimka plat\u00ed pro um\u011bl\u00e9 stromky. Pokud u\u017e stromek doslou\u017eil, rozhodn\u011b nepat\u0159\u00ed do kontejneru na t\u0159\u00edd\u011bn\u00fd \u010di sm\u011bsn\u00fd odpad, ale do sb\u011brn\u00e9ho dvora.<\/p>\r\n<p>Zdroj: Pra\u017esk\u00e9 slu\u017eby<\/p>","protected":false},"excerpt":{"rendered":"[perex] Vyhozen\u00e9 v\u00e1no\u010dn\u00ed stromky nepat\u0159\u00ed do n\u00e1dob na sm\u011bsn\u00fd odpad, proto\u017ee t\u00edm sni\u017euj\u00ed jejich kapacitu. [\/perex] \u201eV p\u0159\u00edpad\u011b, \u017ee m\u00e1te ve\u0159ejn\u011b p\u0159\u00edstupnou popelnici nebo kontejner na sm\u011bsn\u00fd odpad (nap\u0159\u00edklad na s\u00eddli\u0161ti), lze stromky voln\u011b odlo\u017eit vedle nich. Pokud nem\u00e1te popelnici voln\u011b p\u0159\u00edstupnou z&nbsp;ulice (n\u011bkter\u00e9 \u010din\u017eovn\u00ed domy a&nbsp;rodinn\u00e9 domy), pros\u00edme o&nbsp;odlo\u017een\u00ed v\u00e1no\u010dn\u00edho stromku u&nbsp;nejbli\u017e\u0161\u00edho kontejneru na [&hellip;]","protected":false},"author":4,"featured_media":11674,"comment_status":"closed","ping_status":"open","sticky":false,"template":"","format":"standard","meta":[],"categories":[34,77,78],"tags":[],"_links":{"self":[{"href":"https:\/\/www.praha7.cz\/api\/wp\/v2\/posts\/11672"}],"collection":[{"href":"https:\/\/www.praha7.cz\/api\/wp\/v2\/posts"}],"about":[{"href":"https:\/\/www.praha7.cz\/api\/wp\/v2\/types\/post"}],"author":[{"embeddable":true,"href":"https:\/\/www.praha7.cz\/api\/wp\/v2\/users\/4"}],"replies":[{"embeddable":true,"href":"https:\/\/www.praha7.cz\/api\/wp\/v2\/comments?post=11672"}],"version-history":[{"count":1,"href":"https:\/\/www.praha7.cz\/api\/wp\/v2\/posts\/11672\/revisions"}],"predecessor-version":[{"id":11675,"href":"https:\/\/www.praha7.cz\/api\/wp\/v2\/posts\/11672\/revisions\/11675"}],"wp:featuredmedia":[{"embeddable":true,"href":"https:\/\/www.praha7.cz\/api\/wp\/v2\/media\/11674"}],"wp:attachment":[{"href":"https:\/\/www.praha7.cz\/api\/wp\/v2\/media?parent=11672"}],"wp:term":[{"taxonomy":"category","embeddable":true,"href":"https:\/\/www.praha7.cz\/api\/wp\/v2\/categories?post=11672"},{"taxonomy":"post_tag","embeddable":true,"href":"https:\/\/www.praha7.cz\/api\/wp\/v2\/tags?post=11672"}],"curies":[{"name":"wp","href":"https:\/\/api.w.org\/{rel}","templated":true}]}}