    
{"id":1144,"date":"2017-03-01T22:00:37","date_gmt":"2017-03-01T21:00:37","guid":{"rendered":"https:\/\/praha7.cz\/?p=1144"},"modified":"2017-12-29T20:33:44","modified_gmt":"2017-12-29T19:33:44","slug":"vzdycky-jsem-chtela-byt-vynalezkyni","status":"publish","type":"post","link":"https:\/\/www.praha7.cz\/vzdycky-jsem-chtela-byt-vynalezkyni\/","title":{"rendered":"V\u017edycky jsem cht\u011bla b\u00fdt vyn\u00e1lezkyn\u00ed"},"content":{"rendered":"<p><strong>Pro\u010d zrovna Kartografie?<\/strong> <br \/>\r\nBudovu b\u00fdval\u00e9 Kartografie jsem sledovala od ml\u00e1d\u00ed. Po st\u0159edn\u00ed \u0161kole jsem pracovala v\u00a0Pra\u017esk\u00e9m projektov\u00e9m \u00fastavu vedle N\u00e1rodn\u00edho technick\u00e9ho muzea a\u00a0chodila kolem n\u00ed ka\u017ed\u00fd den. L\u00edbila se mi jej\u00ed velk\u00e1 okna a\u00a0tou\u017eila jsem tam bydlet. Jako d\u00edt\u011b jsem toti\u017e cht\u011bla b\u00fdt pt\u00e1k, l\u00e9tat a\u00a0d\u00edvat se lidem do oken. Pt\u00e1kem jsem se nakonec nestala, ale zato jsem za\u010dala sb\u00edrat knihy o\u00a0bytech a\u00a0interi\u00e9rech a\u00a0posl\u00e9ze je tak\u00e9 navrhovat. N\u011bkdy okolo roku 2004 jsem se dozv\u011bd\u011bla, \u017ee se v\u00a0Kartografii uvolnily prostory, tak jsem se rozhodla splnit si sen a\u00a0pronajmout si zde ateli\u00e9r. V\u00a0t\u00e9 dob\u011b jsme je\u0161t\u011b \u017eili s\u00a0rodinou v\u00a0New Yorku, ale m\u016fj mu\u017e (\u010desko-britsk\u00fd architekt John Eisler, pozn. red.) u\u017e za\u010d\u00ednal pracovat na n\u011bkolika \u010desk\u00fdch zak\u00e1zk\u00e1ch a\u00a0tr\u00e1vil v\u00a0Praze v\u00edc a\u00a0v\u00edc \u010dasu.<\/p>\r\n<p><strong>Na Letn\u00e9 a\u00a0v\u00a0Hole\u0161ovic\u00edch s\u00eddl\u00ed mnoho studi\u00ed a\u00a0showroom\u016f. \u010c\u00edm Praha&nbsp;7 design\u00e9ry a\u00a0architekty p\u0159itahuje?<\/strong> <br \/>\r\nP\u0159\u00edkladem m\u016f\u017ee b\u00fdt pr\u00e1v\u011b budova Kartografie. Kdy\u017e se odtud odst\u011bhovala p\u016fvodn\u00ed tisk\u00e1rna map, nast\u011bhovala se do uvoln\u011bn\u00fdch prostor \u0159ada architekt\u016f a\u00a0design\u00e9r\u016f. N\u011bkte\u0159\u00ed se \u010dasem p\u0159esunuli jinam, ale u\u017e z\u016fstali v\u00a0okol\u00ed. Celou Kartografii si cht\u011bl kdysi koupit nap\u0159\u00edklad Leo\u0161 V\u00e1lka, je\u0161t\u011b p\u0159edt\u00edm ne\u017e za\u010dal stav\u011bt DOX, ale nebyla na prodej. A\u00a0pro\u010d Letn\u00e1? Je to n\u00e1dhern\u00e1 \u010dtvr\u0165 s\u00a0obrovsk\u00fdm parkem, je tu Stromovka, st\u011bhuje se sem \u010d\u00edm d\u00e1l v\u00edc mlad\u00fdch lid\u00ed a\u00a0ulice za\u010d\u00ednaj\u00ed o\u017e\u00edvat. V\u00a0Hole\u0161ovic\u00edch vzniklo skv\u011bl\u00e9 Centrum pro sou\u010dasn\u00e9 um\u011bn\u00ed DOX, Richard Balous si postavil \u017eivotn\u00ed sen, multifunk\u010dn\u00ed kulturn\u00ed centrum La Fabriku, v\u00a0sousedstv\u00ed je design centrum Holport, do Hole\u0161ovic se na \u010das nast\u011bhovalo studio K\u0159ehk\u00fd do ateli\u00e9ru po Ji\u0159\u00edm Georgu Dokoupilovi, vedle otev\u0159ela Prinz Prager Gallery. Lidi sem t\u00e1hne i\u00a0vznikaj\u00edc\u00ed development okolo libe\u0148sk\u00e9 z\u00e1toky. Praha&nbsp;7 m\u00e1 potenci\u00e1l st\u00e1t se pra\u017esk\u00fdm SoHo, podobn\u011b jako se tato \u010dtvr\u0165 prom\u011bnila v\u00a0New Yorku. Ale chce to je\u0161t\u011b v\u00edc lidsk\u00e9ho ruchu a\u00a0pocitu komunitn\u00ed soun\u00e1le\u017eitosti. Letn\u00e1 by pot\u0159ebovala o\u017eivit hlavn\u011b chodn\u00edky\u00a0\u2013 v\u017edy\u0165 tu m\u016f\u017ee venku fungovat jedna kav\u00e1rna vedle druh\u00e9. K\u00a0tomu jsou pot\u0159eba odv\u00e1\u017en\u00ed lid\u00e9, kte\u0159\u00ed se do toho pust\u00ed.<\/p>\r\n<p><strong>Zm\u00ednila jste newyorsk\u00e9 SoHo. Jak se v\u00a0n\u011bm v\u00a0sou\u010dasnosti \u017eije?<\/strong> <br \/>\r\nSoHo bylo skv\u011bl\u00e9 v\u00a0dob\u011b, kdy to byla opravdu Mekka um\u011bleck\u00e9ho sv\u011bta. Mohli jste si v\u00a0baru sednout vedle slavn\u00fdch minimalist\u016f nebo nast\u00e1vaj\u00edc\u00edch hv\u011bzd sou\u010dasn\u00e9ho um\u011bn\u00ed, ale dneska u\u017e moc jako galerijn\u00ed \u010dtvr\u0165 nefunguje. Jako jeden z\u00a0prvn\u00edch ho objevil sb\u011bratel um\u011bn\u00ed a\u00a0galerista Leo Castelli, po n\u011bm p\u0159i\u0161la Paula Cooper a\u00a0dal\u0161\u00ed, a\u00a0to proto, \u017ee se v\u00a0SoHo v\u00a0ran\u00fdch sedmdes\u00e1t\u00fdch letech zabydleli v\u00a0b\u00fdval\u00fdch manufakturn\u00edch budov\u00e1ch um\u011blci. Tenkr\u00e1t tam bylo mo\u017en\u00e9 koupit cel\u00e9 patro za deset tis\u00edc dolar\u016f, dneska se prod\u00e1v\u00e1 za deset milion\u016f. Postupem \u010dasu se do SoHo za\u010daly st\u011bhovat drah\u00e9 butiky, designov\u00e9 obchody a\u00a0restaurace, lofty postupn\u011b skupovali sb\u011bratel\u00e9 um\u011bn\u00ed, finan\u010dn\u00edci z\u00a0nedalek\u00e9 Wall Street nebo filmov\u00e9 hv\u011bzdy. A\u00a0ceny \u0161ly st\u0159emhlav nahoru. Nav\u00edc se tam o\u00a0v\u00edkendech stahovali bohat\u00ed kulturn\u00ed barba\u0159i z\u00a0New Jersey, tak\u017ee se um\u011blci a\u00a0galerie p\u0159esunuli ze SoHo d\u00e1l do opu\u0161t\u011bn\u00fdch obrovsk\u00fdch sklad\u016f v\u00a0Chelsea, kam do poloviny sedmdes\u00e1t\u00fdch let p\u0159iv\u00e1\u017eely n\u00e1kladn\u00ed lod\u011b zbo\u017e\u00ed. I\u00a0kdy\u017e by si to \u010dlov\u011bk neuv\u011bdomil, tyto p\u0159esuny maj\u00ed velk\u00fd vliv na v\u00fdvoj um\u011bleck\u00e9 tvorby. Kdy\u017e galerie nab\u00eddne monument\u00e1ln\u00ed prostor, velikost d\u00edla se p\u0159izp\u016fsob\u00ed. Proto se dnes tak\u00e9 stav\u011bj\u00ed \u010d\u00edm d\u00e1l v\u011bt\u0161\u00ed muzea.<\/p>\r\n<p>\u00a0<img loading=\"lazy\" width=\"1045\" height=\"1567\" class=\"alignnone size-full wp-image-1151\" alt=\"\" src=\"https:\/\/praha7.cz\/wp-content\/uploads\/2017\/07\/eisler2.jpg\" srcset=\"https:\/\/www.praha7.cz\/wp-content\/uploads\/2017\/07\/eisler2.jpg 1045w, https:\/\/www.praha7.cz\/wp-content\/uploads\/2017\/07\/eisler2-267x400.jpg 267w, https:\/\/www.praha7.cz\/wp-content\/uploads\/2017\/07\/eisler2-768x1152.jpg 768w, https:\/\/www.praha7.cz\/wp-content\/uploads\/2017\/07\/eisler2-667x1000.jpg 667w\" sizes=\"(max-width: 1045px) 100vw, 1045px\" \/><\/p>\r\n<p><strong>Je n\u011bco, co byste r\u00e1da p\u0159enesla z\u00a0New Yorku na Sedmi\u010dku?<\/strong> <br \/>\r\nR\u00e1da bych tu zavedla takzvanou chodn\u00edkovou kulturu. Kr\u00e1\u010dej\u00edc\u00ed \u010dlov\u011bk si chce u\u017e\u00edt prostor adekv\u00e1tn\u00ed sv\u00e9mu m\u011b\u0159\u00edtku a\u00a0tak\u00e9 by se r\u00e1d kochal \u010d\u00edm d\u00e1l kr\u00e1sn\u011bj\u0161\u00edmi fas\u00e1dami dom\u016f. Mus\u00ed se ale rad\u0161i d\u00edvat pod nohy. Kdybych m\u011bla psa, copak bych ho nechala \u010d\u016frat a\u00a0d\u011blat dal\u0161\u00ed vylomeniny v\u0161ude kolem? Tak jsem p\u0159i\u0161la na n\u00e1pad ve\u0159ejn\u00fdch z\u00e1chodk\u016f pro psy, kter\u00e9 by byly nainstalovan\u00e9 v\u00a0ka\u017ed\u00e9m bloku. Kdy\u017e m\u016f\u017eete psa nau\u010dit t\u00e9m\u011b\u0159 \u010demukoli\u00a0\u2013 snad krom\u011b lidsk\u00e9 \u0159e\u010di \u2013, pro\u010d by nemohl chodit na z\u00e1chod? A\u00a0v\u011b\u0159\u00edm, \u017ee by se to mohlo l\u00edbit i\u00a0ps\u016fm. V\u00a0New Yorku jsme bydleli na Upper East Side nedaleko Centr\u00e1ln\u00edho parku, kde je zvykem, \u017ee si pejska\u0159i na ven\u010den\u00ed naj\u00edmaj\u00ed psovody. Ti pak po ulici vedou sme\u010dku deseti ps\u016f, kte\u0159\u00ed jsou nau\u010den\u00ed cestou ne\u010d\u016frat a\u00a0vydr\u017eet to do parku na vyhrazen\u00e9 lou\u010dky.<\/p>\r\n<p><strong>Design\u00e9\u0159i Michal Fron\u011bk s\u00a0Janem N\u011bme\u010dkem nechali ned\u00e1vno sv\u00e9 studenty na V\u0160UP navrhnout ve\u0159ejn\u00e9 knihovni\u010dky pro letensk\u00e9 ulice a\u00a0parky. Zadala jste n\u011bco podobn\u00e9ho sv\u00fdm \u017e\u00e1k\u016fm i\u00a0vy? <\/strong><br \/>\r\nJeden z\u00e1sah do ve\u0159ejn\u00e9ho prostoru jsme d\u011blali u\u017e p\u0159ed n\u011bkolika lety v\u00a0dob\u011b, kdy\u017e jsem bydlela v\u00a0Mosteck\u00e9 ulici u\u00a0Karlova mostu. Po Kr\u00e1lovsk\u00e9 cest\u011b se denn\u011b hrnou tis\u00edce turist\u016f, proto nech\u00e1pu, pro\u010d se maj\u00ed d\u00edvat na fouka\u010de bublin nebo \u010dlov\u011bka p\u0159evle\u010den\u00e9ho za ply\u0161ov\u00e9ho \u017eraloka s\u00a0rik\u0161ou vedle thajsk\u00fdch mas\u00e1\u017e\u00ed, podl\u00e9hat v\u00e1ben\u00ed podez\u0159ele vypadaj\u00edc\u00edch \u0159idi\u010d\u016f pseudohistorick\u00fdch aut a\u00a0vysed\u00e1vat v\u00a0p\u0159edra\u017een\u00fdch restaurac\u00edch v\u00a0po\u010d\u016fran\u00fdch podloub\u00edch. Studenty jsme poslali do ter\u00e9nu, aby si ka\u017ed\u00fd na\u0161el nehostinn\u00e9 m\u00edsto v\u00a0okol\u00ed Malostransk\u00e9ho n\u00e1m\u011bst\u00ed a\u00a0pop\u0159em\u00fd\u0161lel, pro\u010d tak p\u016fsob\u00ed a\u00a0jak by mu bylo mo\u017en\u00e9 pomoci. Vznikly zaj\u00edmav\u00e9 n\u00e1pady, ale chceme projekt zopakovat, j\u00edt v\u00edc do hloubky probl\u00e9mu a\u00a0vyzvat m\u011bsto ke konzultac\u00edm a\u00a0mo\u017en\u00e9 spolupr\u00e1ci. Jsem tak\u00e9 \u010dlenkou komise mezin\u00e1rodn\u00ed sout\u011b\u017ee na nov\u00fd pra\u017esk\u00fd mobili\u00e1\u0159, co\u017e je chv\u00e1lyhodn\u00e1 aktivita magistr\u00e1tu.<\/p>\r\n<p><strong>Jak sout\u011b\u017e dopadla?<\/strong> <br \/>\r\nVybrali jsme t\u0159i n\u00e1vrhy, kter\u00e9 postoupily do druh\u00e9ho kola a\u00a0do z\u00e1\u0159\u00ed maj\u00ed auto\u0159i vyrobit prototypy jedna ku jedn\u00e9, kter\u00e9 se na dva m\u011bs\u00edce osad\u00ed u\u00a0Emauz na testov\u00e1n\u00ed. V\u00a0prvn\u00ed vln\u011b p\u016fjde o\u00a0nov\u00e9 lavi\u010dky, odpadkov\u00e9 ko\u0161e a\u00a0stojany na kola. Pak mo\u017en\u00e1 p\u0159ijdou na \u0159adu tramvajov\u00e9 zast\u00e1vky a\u00a0d\u00e1l bych byla r\u00e1da za lampy, kter\u00e9 by mohly b\u00fdt nosi\u010di informa\u010dn\u00edch syst\u00e9m\u016f a\u00a0z\u00e1rove\u0148 b\u00fdt propojen\u00e9 s\u00a0internetem. <br \/>\r\nKrom\u011b mobili\u00e1\u0159e se chyst\u00e1 tak\u00e9 architektonick\u00e1 sout\u011b\u017e na p\u0159estavbu Veletr\u017en\u00edho pal\u00e1ce. Mysl\u00edm, \u017ee je to oproti p\u016fvodn\u00ed my\u0161lence postavit novou budovu skv\u011bl\u00fd v\u00fdvoj spr\u00e1vn\u00fdm sm\u011brem. N\u00e1rodn\u00ed galerie oslovila \u0159adu sv\u011btov\u011b v\u00fdznamn\u00fdch architekt\u016f, kte\u0159\u00ed maj\u00ed zku\u0161enost s\u00a0podobn\u00fdmi rekonstrukcemi, a\u00a0\u0159ada z\u00a0nich u\u017e \u00fa\u010dast potvrdila. Veletr\u017en\u00ed pal\u00e1c m\u00e1 b\u00fdt hlavn\u00edm s\u00eddlem N\u00e1rodn\u00ed galerie, proto doufejme, \u017ee se poda\u0159\u00ed postavit kvalitn\u00ed odborn\u00fd t\u00fdm pro p\u0159\u00edpravu sout\u011b\u017en\u00edch podm\u00ednek.<\/p>\r\n<p><img loading=\"lazy\" width=\"1055\" height=\"1583\" class=\"alignnone size-full wp-image-1149\" alt=\"\" src=\"https:\/\/praha7.cz\/wp-content\/uploads\/2017\/07\/eisler3.jpg\" srcset=\"https:\/\/www.praha7.cz\/wp-content\/uploads\/2017\/07\/eisler3.jpg 1055w, https:\/\/www.praha7.cz\/wp-content\/uploads\/2017\/07\/eisler3-267x400.jpg 267w, https:\/\/www.praha7.cz\/wp-content\/uploads\/2017\/07\/eisler3-768x1152.jpg 768w, https:\/\/www.praha7.cz\/wp-content\/uploads\/2017\/07\/eisler3-666x1000.jpg 666w\" sizes=\"(max-width: 1055px) 100vw, 1055px\" \/><\/p>\r\n<p><strong>Co \u0159\u00edk\u00e1te na V\u00fdstavi\u0161t\u011b, kde se nyn\u00ed zabydlel Designblok? <\/strong><br \/>\r\nM\u00e1m r\u00e1da pavilon Lapid\u00e1ria s\u00a0velkolepou instalac\u00ed \u010desk\u00e9ho kamenosocha\u0159stv\u00ed. V\u00a0r\u00e1mci lo\u0148sk\u00e9ho Designbloku jsem nav\u00edc dostala p\u0159\u00edle\u017eitost vystavit v\u00a0s\u00e1le Renesance sv\u00e9 sochy Venu\u0161e. Pavilon byl p\u016fvodn\u011b sou\u010d\u00e1st\u00ed Jubilejn\u00ed zemsk\u00e9 v\u00fdstavy v\u00a0roce 1891 a\u00a0byla to stavba do\u010dasn\u00e1, a\u00a0p\u0159itom stoj\u00ed dodnes. Ale okol\u00ed je pot\u0159eba zrevitalizovat, hokejovou halu podle m\u00e9ho n\u00e1zoru zbourat, postavit novou a\u00a0okoln\u00ed pozemky vy\u010distit. Lev\u00e9 k\u0159\u00eddlo Pr\u016fmyslov\u00e9ho pal\u00e1ce bych nestav\u011bla jako v\u011brnou kopii, ale jako jednoduch\u00fd pavilon podle m\u011b\u0159\u00edtek sou\u010dasn\u00e9 architektury tak, aby vytvo\u0159il aktivn\u00ed dialog s\u00a0historick\u00fdm okol\u00edm.<br \/>\r\nDal\u0161\u00ed velk\u00e9 t\u00e9ma je hole\u0161ovick\u00e1 tr\u017enice. Do tr\u017enice chod\u00edm ka\u017edou sobotu nakupovat zeleninu a\u00a0vn\u00edm\u00e1m, \u017ee m\u00e1 neskute\u010dn\u00fd potenci\u00e1l. Mohlo by tam vzniknout multikulturn\u00ed centrum jako Matadero v\u00a0Madridu, kter\u00e9 vyrostlo v\u00a0industri\u00e1ln\u00edch hal\u00e1ch b\u00fdval\u00fdch jatek, a\u00a0to za podpory m\u011bsta. C\u00edlem bylo propojit kreativitu v\u0161ech mo\u017en\u00fdch odv\u011btv\u00ed\u00a0\u2013 vizu\u00e1ln\u00edho um\u011bn\u00ed, literatury, divadla, filmu, hudby, designu, architektury\u00a0\u2013 a\u00a0z\u00e1rove\u0148 prov\u00e1zat spolupr\u00e1ci ve\u0159ejn\u00fdch a\u00a0priv\u00e1tn\u00edch instituc\u00ed. Na rekonstrukc\u00edch jednotliv\u00fdch pavilon\u016f se pod\u00edleli r\u016fzn\u00ed architekti. Najdete tam v\u0161echno mo\u017en\u00e9\u00a0\u2013 od galeri\u00ed, restaurac\u00ed, kav\u00e1ren a\u017e k\u00a0filmov\u00fdm studi\u00edm. M\u00edsto je nabit\u00e9 energi\u00ed a\u00a0nab\u00edz\u00ed tak\u00e9 vzd\u011bl\u00e1vac\u00ed kurzy pro v\u0161echny v\u011bkov\u00e9 kategorie. Je d\u016fle\u017eit\u00e9 si v\u00e1\u017eit na\u0161ich industri\u00e1ln\u00edch stop minulosti. Nen\u00ed t\u0159eba n\u00e1kladn\u00fdch investic, jen \u0161etrn\u011b, neok\u00e1zale o\u010distit n\u00e1nosy doby tak, aby se udr\u017eel genius loci, a\u00a0zaj\u00edmav\u00fdm programem vdechnout m\u00edstu \u017eivot.<\/p>\r\n<p><strong>Napad\u00e1 v\u00e1s je\u0161t\u011b n\u011bjak\u00e9 m\u00edsto na Sedmi\u010dce, kter\u00e9 by si zaslou\u017eilo takov\u00fd z\u00e1sah? <\/strong><br \/>\r\nTrochu zven\u010d\u00ed o\u010distit by pot\u0159ebovala Sparta a\u00a0Molochov by si kone\u010dn\u011b zaslou\u017eil po\u0159\u00e1dnou opravu. To je tak n\u00e1dhern\u00e1 budova, ale v\u00edm, \u017ee tam panuj\u00ed velice slo\u017eit\u00e9 majetkov\u00e9 vztahy. Shodou okolnost\u00ed zn\u00e1m \u010dlov\u011bka, jeho\u017e otec ho spolu s\u00a0architektem Josefem Havl\u00ed\u010dkem na konci t\u0159ic\u00e1t\u00fdch let navrhoval. \u010casto vzpom\u00edn\u00e1, jak to byl na svou dobu modern\u00ed komplex a\u00a0kolik se tam st\u011bhovalo v\u00fdznamn\u00fdch obyvatel. Na Letn\u00e9 \u017eilo p\u0159ed v\u00e1lkou mnoho modern\u011b sm\u00fd\u0161lej\u00edc\u00edch rodin\u00a0\u2013 v\u017edy\u0165 se pod\u00edvejte, kolik tu v\u00a0t\u00e9 dob\u011b vyrostlo funkcionalistick\u00fdch dom\u016f. Moje maminka bydlela b\u011bhem studi\u00ed na Akademii v\u00fdtvarn\u00fdch um\u011bn\u00ed u\u00a0sv\u00e9 sestry na t\u0159\u00edd\u011b Milady Hor\u00e1kov\u00e9 a\u00a0\u010dasto vzpom\u00ednala, jak j\u00ed pod okna bytu chodil zp\u00edvat a&nbsp;dvo\u0159it se Old\u0159ich Nov\u00fd. Bohu\u017eel dostal ko\u0161em.<\/p>\r\n<p><img loading=\"lazy\" width=\"2560\" height=\"3839\" class=\"alignnone size-full wp-image-1150\" alt=\"\" src=\"https:\/\/praha7.cz\/wp-content\/uploads\/2017\/07\/eisler1.jpg\" srcset=\"https:\/\/www.praha7.cz\/wp-content\/uploads\/2017\/07\/eisler1.jpg 2560w, https:\/\/www.praha7.cz\/wp-content\/uploads\/2017\/07\/eisler1-267x400.jpg 267w, https:\/\/www.praha7.cz\/wp-content\/uploads\/2017\/07\/eisler1-768x1152.jpg 768w, https:\/\/www.praha7.cz\/wp-content\/uploads\/2017\/07\/eisler1-667x1000.jpg 667w\" sizes=\"(max-width: 2560px) 100vw, 2560px\" \/><\/p>\r\n<p><strong>V\u00e1\u0161 otec byl pr\u00fd \u00fasp\u011b\u0161n\u00fd v\u011bdec v\u00a0oblasti robotiky, jeho\u017e patenty vyu\u017e\u00edv\u00e1 NASA. <\/strong><br \/>\r\nM\u016fj otec byl in\u017een\u00fdr a\u00a0v\u011bdec v\u00a0oblasti stroja\u0159sk\u00e9ho v\u00fdzkumu a&nbsp;byl pova\u017eov\u00e1n za celosv\u011btov\u011b proslulou legendu ve v\u00fdvoji obr\u00e1b\u011bc\u00edch stroj\u016f. V\u00a0roce 1967 dostal pozv\u00e1nku p\u0159edn\u00e1\u0161et na univerzit\u011b v\u00a0Manchesteru, kde p\u016fsobil t\u0159i roky. Pot\u00e9, co se vr\u00e1til, otiskli o\u00a0n\u011bm v\u00a0Rud\u00e9m pr\u00e1vu l\u017eiv\u00fd \u010dl\u00e1nek, \u017ee \u00fadajn\u011b vyvezl za hranice jak\u00e9si tajn\u00e9 materi\u00e1ly. Vyhrocen\u00e1 situace ho nakonec dovedla k\u00a0emigraci. T\u011bsn\u011b p\u0159ed sv\u00fdm odjezdem mi nab\u00eddl, \u017ee m\u011b vezme ly\u017eovat do Rakouska, ale nepochopila jsem, co t\u00edm zam\u00fd\u0161l\u00ed. Odjel tedy s\u00e1m, p\u0159es Rakousko se vr\u00e1til do Anglie a\u00a0pak po \u010dase p\u0159es\u00eddlil do Kanady, kde p\u0159edn\u00e1\u0161el na univerzit\u011b nedaleko Toronta. V\u00a0p\u011bta\u0161edes\u00e1ti letech se mu poda\u0159ilo z\u00edskat do\u017eivotn\u00ed profesuru na univerzit\u011b na Florid\u011b, kde se sv\u00fdmi doktorandy pracoval a\u017e do sv\u00fdch osmdes\u00e1ti let na v\u00fdznamn\u00fdch zak\u00e1zk\u00e1ch nejr\u016fzn\u011bj\u0161\u00edch firem. V\u00a0roce 1995 nap\u0159\u00edklad vyvinul nejp\u0159esn\u011bj\u0161\u00ed obr\u00e1b\u011bc\u00ed stroj na sv\u011bt\u011b pracuj\u00edc\u00ed s\u00a0p\u0159esnost\u00ed na miliontiny centimetru. Jedn\u00edm z\u00a0jeho klient\u016f byla tak\u00e9 NASA. Byl to geni\u00e1ln\u00ed a\u00a0odv\u00e1\u017en\u00fd \u010dlov\u011bk.<\/p>\r\n<p><strong>Zd\u011bdila jste po n\u011bm n\u011bjak\u00e9 geny? <\/strong><br \/>\r\nUr\u010dit\u011b ano, odjak\u017eiva jsem cht\u011bla b\u00fdt vyn\u00e1lezkyn\u00ed. Dokonce jsem se ned\u00e1vno s\u00a0n\u011bk\u00fdm domlouvala, \u017ee bychom mohli zrealizovat m\u016fj d\u00e1vn\u00fd n\u00e1pad na elektromagnetick\u00e9 ly\u017ee, dynamo s\u00a0vrtul\u00ed na zadku, aby u\u017e nebyly pot\u0159eba vleky, v\u00e1z\u00e1n\u00ed na magnety nebo p\u00edstov\u00e9 posilova\u010de kolen pro jarn\u00ed ly\u017eov\u00e1n\u00ed.<\/p>","protected":false},"excerpt":{"rendered":"Pro\u010d zrovna Kartografie? Budovu b\u00fdval\u00e9 Kartografie jsem sledovala od ml\u00e1d\u00ed. Po st\u0159edn\u00ed \u0161kole jsem pracovala v\u00a0Pra\u017esk\u00e9m projektov\u00e9m \u00fastavu vedle N\u00e1rodn\u00edho technick\u00e9ho muzea a\u00a0chodila kolem n\u00ed ka\u017ed\u00fd den. L\u00edbila se mi jej\u00ed velk\u00e1 okna a\u00a0tou\u017eila jsem tam bydlet. Jako d\u00edt\u011b jsem toti\u017e cht\u011bla b\u00fdt pt\u00e1k, l\u00e9tat a\u00a0d\u00edvat se lidem do oken. Pt\u00e1kem jsem se nakonec nestala, [&hellip;]","protected":false},"author":9,"featured_media":1147,"comment_status":"open","ping_status":"open","sticky":false,"template":"","format":"standard","meta":[],"categories":[37],"tags":[],"_links":{"self":[{"href":"https:\/\/www.praha7.cz\/api\/wp\/v2\/posts\/1144"}],"collection":[{"href":"https:\/\/www.praha7.cz\/api\/wp\/v2\/posts"}],"about":[{"href":"https:\/\/www.praha7.cz\/api\/wp\/v2\/types\/post"}],"author":[{"embeddable":true,"href":"https:\/\/www.praha7.cz\/api\/wp\/v2\/users\/9"}],"replies":[{"embeddable":true,"href":"https:\/\/www.praha7.cz\/api\/wp\/v2\/comments?post=1144"}],"version-history":[{"count":8,"href":"https:\/\/www.praha7.cz\/api\/wp\/v2\/posts\/1144\/revisions"}],"predecessor-version":[{"id":11608,"href":"https:\/\/www.praha7.cz\/api\/wp\/v2\/posts\/1144\/revisions\/11608"}],"wp:featuredmedia":[{"embeddable":true,"href":"https:\/\/www.praha7.cz\/api\/wp\/v2\/media\/1147"}],"wp:attachment":[{"href":"https:\/\/www.praha7.cz\/api\/wp\/v2\/media?parent=1144"}],"wp:term":[{"taxonomy":"category","embeddable":true,"href":"https:\/\/www.praha7.cz\/api\/wp\/v2\/categories?post=1144"},{"taxonomy":"post_tag","embeddable":true,"href":"https:\/\/www.praha7.cz\/api\/wp\/v2\/tags?post=1144"}],"curies":[{"name":"wp","href":"https:\/\/api.w.org\/{rel}","templated":true}]}}