    
{"id":11165,"date":"2017-12-05T11:13:56","date_gmt":"2017-12-05T10:13:56","guid":{"rendered":"https:\/\/praha7.cz\/?p=11165"},"modified":"2017-12-20T12:31:15","modified_gmt":"2017-12-20T11:31:15","slug":"prazsky-novorocni-ohnostroj-oslavi-100-let-ceskoslovenska","status":"publish","type":"post","link":"https:\/\/www.praha7.cz\/prazsky-novorocni-ohnostroj-oslavi-100-let-ceskoslovenska\/","title":{"rendered":"Pra\u017esk\u00fd novoro\u010dn\u00ed oh\u0148ostroj oslav\u00ed 100 let \u010ceskoslovenska"},"content":{"rendered":"<p>[perex]<\/p>\r\n<p>Prvn\u00ed den roku 2018 rozz\u00e1\u0159\u00ed Prahu oh\u0148ostroj v\u00a0n\u00e1rodn\u00edch barv\u00e1ch, kter\u00fd zakon\u010d\u00ed t\u00f3ny \u010desk\u00e9 hymny. Z\u00a0Letn\u00e9 bude odp\u00e1len v\u00a018.00 hodin.<\/p>\r\n<p>[\/perex]<\/p>\r\n<p>Oh\u0148ostroj s\u00a0\u00fast\u0159edn\u00edm\u00a0t\u00e9matem \u201eSto let v&nbsp;hlavn\u00edm m\u011bst\u011b Praze\u201c uvede rok oslav, kter\u00e9 nejen Prahu, ale celou \u010ceskou republiku, v\u00a0roce 2018 \u010dekaj\u00ed.<\/p>\r\n<p>Sv\u011bteln\u00e1 show nad Prahou p\u0159ipomene pocity hrdosti spojen\u00e9 s&nbsp;prvn\u00ed republikou, z\u00e1pal boje o&nbsp;na\u0161\u00ed st\u00e1tnost b\u011bhem Pra\u017esk\u00e9ho povst\u00e1n\u00ed a&nbsp;volnost i&nbsp;nad\u011bje Pra\u017esk\u00e9ho jara 1968. Radostn\u00e9 pocity z\u00a0nov\u011b nabyt\u00e9 svobody nazna\u010d\u00ed obrazy Sametov\u00e9 revoluce a&nbsp;n\u00e1sledovat bude vhled do 21.&nbsp;stolet\u00ed. Cel\u00fd pr\u016f\u0159ez histori\u00ed hlavn\u00edho m\u011bsta a&nbsp;\u010desk\u00e9ho n\u00e1roda slavnostn\u011b zakon\u010d\u00ed t\u00f3ny st\u00e1tn\u00ed hymny.<\/p>\r\n<p>Novinkou, kterou n\u00e1v\u0161t\u011bvn\u00edci metropole uvid\u00ed z\u0159ejm\u011b poprv\u00e9, budou efekty ve tvarech a&nbsp;barv\u00e1ch \u010desk\u00e9 vlajky, kter\u00e9 byly vyrobeny pro novoro\u010dn\u00ed oh\u0148ostroj v\u00a0It\u00e1lii. Cel\u00e1 show bude trvat jeden\u00e1ct minut. Jej\u00ed d\u00e9lka je vym\u011b\u0159ena od odpalu prvn\u00edho efektu v&nbsp;hudebn\u00edm doprovodu do rozbuchu posledn\u00edho efektu. K\u00a0vid\u011bn\u00ed budou nap\u0159\u00edklad japonsk\u00e9 technologie nov\u00e9 typy japonsk\u00fdch sf\u00e9rick\u00fdch pum, ohniv\u00e9 h\u0159iby simuluj\u00edc\u00ed n\u00e1let, \u010derven\u00e9 sloupy o&nbsp;v\u00fd\u0161ce 18&nbsp;m nebo pr\u00e1v\u011b velkor\u00e1\u017en\u00ed pumy s&nbsp;efektem \u010desk\u00e9 vlajky.<\/p>\r\n<p>Oh\u0148ostroj oslav\u00ed je\u0161t\u011b jedno v\u00fdro\u010d\u00ed, kter\u00e9 p\u0159ipad\u00e1 p\u0159\u00edmo na 1.&nbsp;leden, a&nbsp;to 25 let od vzniku samostatn\u00e9 \u010cesk\u00e9 republiky.<\/p>\r\n<p>Realiz\u00e1tor oh\u0148ostroje se zav\u00e1zal, \u017ee bude v\u00a0maxim\u00e1ln\u00ed m\u00ed\u0159e spolupracovat s&nbsp;ochr\u00e1nci p\u0159\u00edrody a&nbsp;z\u00e1chrannou stanic\u00ed. V\u00a0okol\u00ed odpalu budou provedena opat\u0159en\u00ed pro ochranu zv\u00ed\u0159at a&nbsp;ptactva.<\/p>","protected":false},"excerpt":{"rendered":"[perex] Prvn\u00ed den roku 2018 rozz\u00e1\u0159\u00ed Prahu oh\u0148ostroj v\u00a0n\u00e1rodn\u00edch barv\u00e1ch, kter\u00fd zakon\u010d\u00ed t\u00f3ny \u010desk\u00e9 hymny. Z\u00a0Letn\u00e9 bude odp\u00e1len v\u00a018.00 hodin. [\/perex] Oh\u0148ostroj s\u00a0\u00fast\u0159edn\u00edm\u00a0t\u00e9matem \u201eSto let v&nbsp;hlavn\u00edm m\u011bst\u011b Praze\u201c uvede rok oslav, kter\u00e9 nejen Prahu, ale celou \u010ceskou republiku, v\u00a0roce 2018 \u010dekaj\u00ed. Sv\u011bteln\u00e1 show nad Prahou p\u0159ipomene pocity hrdosti spojen\u00e9 s&nbsp;prvn\u00ed republikou, z\u00e1pal boje o&nbsp;na\u0161\u00ed st\u00e1tnost [&hellip;]","protected":false},"author":4,"featured_media":11166,"comment_status":"open","ping_status":"open","sticky":false,"template":"","format":"standard","meta":[],"categories":[34],"tags":[],"_links":{"self":[{"href":"https:\/\/www.praha7.cz\/api\/wp\/v2\/posts\/11165"}],"collection":[{"href":"https:\/\/www.praha7.cz\/api\/wp\/v2\/posts"}],"about":[{"href":"https:\/\/www.praha7.cz\/api\/wp\/v2\/types\/post"}],"author":[{"embeddable":true,"href":"https:\/\/www.praha7.cz\/api\/wp\/v2\/users\/4"}],"replies":[{"embeddable":true,"href":"https:\/\/www.praha7.cz\/api\/wp\/v2\/comments?post=11165"}],"version-history":[{"count":1,"href":"https:\/\/www.praha7.cz\/api\/wp\/v2\/posts\/11165\/revisions"}],"predecessor-version":[{"id":11167,"href":"https:\/\/www.praha7.cz\/api\/wp\/v2\/posts\/11165\/revisions\/11167"}],"wp:featuredmedia":[{"embeddable":true,"href":"https:\/\/www.praha7.cz\/api\/wp\/v2\/media\/11166"}],"wp:attachment":[{"href":"https:\/\/www.praha7.cz\/api\/wp\/v2\/media?parent=11165"}],"wp:term":[{"taxonomy":"category","embeddable":true,"href":"https:\/\/www.praha7.cz\/api\/wp\/v2\/categories?post=11165"},{"taxonomy":"post_tag","embeddable":true,"href":"https:\/\/www.praha7.cz\/api\/wp\/v2\/tags?post=11165"}],"curies":[{"name":"wp","href":"https:\/\/api.w.org\/{rel}","templated":true}]}}