    
{"id":11154,"date":"2017-12-20T10:57:23","date_gmt":"2017-12-20T09:57:23","guid":{"rendered":"https:\/\/praha7.cz\/?p=11154"},"modified":"2017-12-20T11:03:50","modified_gmt":"2017-12-20T10:03:50","slug":"praha-7-opravuje-zapomenute-zchatrale-byty","status":"publish","type":"post","link":"https:\/\/www.praha7.cz\/praha-7-opravuje-zapomenute-zchatrale-byty\/","title":{"rendered":"Praha&nbsp;7 opravuje \u201ezapomenut\u00e9\u201c zch\u00e1tral\u00e9 byty"},"content":{"rendered":"<p>[perex]<\/p>\r\n<p>Sedm\u00e1 m\u011bstsk\u00e1 \u010d\u00e1st si z\u00a0minul\u00fdch volebn\u00edch obdob\u00ed nesla d\u011bdictv\u00ed v\u00edce ne\u017e 110 nepronajat\u00fdch byt\u016f ve \u0161patn\u00e9m technick\u00e9m stavu. Sou\u010dasn\u00e9mu veden\u00ed se ji\u017e v\u00edce ne\u017e polovinu z\u00a0nich poda\u0159ilo zrekonstruovat a&nbsp;poskytnout ob\u010dan\u016fm.<\/p>\r\n<p>[\/perex]<\/p>\r\n<p>\u201eOd n\u00e1stupu na radnici se sna\u017e\u00edme pom\u00e1hat ob\u010dan\u016fm, kte\u0159\u00ed se dostali do nep\u0159\u00edzniv\u00e9 bytov\u00e9 situace. M\u011bstsk\u00e1 \u010d\u00e1st m\u00e1 k\u00a0dispozici jen velmi omezen\u00fd po\u010det byt\u016f a&nbsp;prov\u00e1d\u011bt bytovou politiku m\u016f\u017eeme jen d\u00edky tomu, \u017ee vybydlen\u00e9 pr\u00e1zdn\u00e9 byty postupn\u011b opravujeme a&nbsp;pronaj\u00edm\u00e1me. Pronaj\u00edm\u00e1me je t\u011bm, kte\u0159\u00ed to nejv\u00edce pot\u0159ebuj\u00ed, a&nbsp;pravideln\u011b s\u00a0nimi pracujeme,\u201c uvedl starosta Prahy&nbsp;7 Jan \u010ci\u017einsk\u00fd (PRAHA&nbsp;7 SOB\u011a).<\/p>\r\n<p>Ze sto deseti neobsazen\u00fdch zch\u00e1tral\u00fdch byt\u016f se ji\u017e m\u011bstsk\u00e9 \u010d\u00e1sti poda\u0159ilo zrekonstruovat zhruba \u0161edes\u00e1t. V\u011bt\u0161ina zrekonstruovan\u00fdch byt\u016f byla n\u00e1sledn\u011b pronajata v\u00a0re\u017eimu podporovan\u00e9ho bydlen\u00ed, typicky senior\u016fm a&nbsp;samo\u017eivitelk\u00e1m, ale tak\u00e9 byli podpo\u0159eni za\u010d\u00ednaj\u00edc\u00ed u\u010ditel\u00e9 a&nbsp;osv\u011bd\u010den\u00ed pracovn\u00edci \u00faklidu.<\/p>\r\n<p>\u201eMezi zapomenut\u00fdmi neobsazen\u00fdmi byty jsme k\u00a0na\u0161emu p\u0159ekvapen\u00ed na\u0161li i&nbsp;takov\u00e9, kter\u00e9 ji\u017e byly v\u00a0minul\u00e9m volebn\u00edm obdob\u00ed zrekonstruov\u00e1ny. Objevili jsme kup\u0159\u00edkladu byt 1+kk v\u00a0ulici Na Manin\u00e1ch, kter\u00fd p\u0159echoz\u00ed veden\u00ed v&nbsp;roce 2011 opravilo za v\u00edce ne\u017e jeden milion korun. Pot\u00e9 v\u0161ak z\u016fstal a\u017e do konce roku 2014 pr\u00e1zdn\u00fd,\u201c uvedl z\u00e1stupce starosty Kamil Vav\u0159inec Mare\u0161 (PRAHA&nbsp;7 SOB\u011a).<\/p>\r\n<p>Byt Na Manin\u00e1ch byl v\u00a0roce 2011 opraven za 1\u00a0025\u00a0235 v\u010detn\u011b DPH. S\u00a0touto \u010d\u00e1stkou je v\u0161ak v\u00a0kontrastu\u00a0nejni\u017e\u0161\u00ed mo\u017en\u00fd standard opravy, mj. v&nbsp;byt\u011b z\u016fstal i&nbsp;p\u016fvodn\u00ed plynov\u00fd p\u0159\u00edmotop, takzvan\u00e9 vafky.<\/p>\r\n<p>Sou\u010dasn\u00e9 veden\u00ed m\u011bstsk\u00e9 \u010d\u00e1sti v\u0161ak p\u0159istupuje k\u00a0oprav\u00e1m byt\u016f hospod\u00e1rn\u011bji.<\/p>\r\n<p>\u201eNavzdory zvy\u0161ov\u00e1n\u00ed cen stavebn\u00edch prac\u00ed jsme v&nbsp;listopadu dokon\u010dili rekonstrukci dvou srovnateln\u00fdch garsoni\u00e9r v\u00a0ul. Janovsk\u00e9ho. Stavebn\u00ed \u00fapravy vy\u0161ly za ob\u011b dohromady na 752 tis\u00edc korun v\u010detn\u011b DPH. D\u011bl\u00e1me maximum pro to, aby v\u00a0pr\u016fb\u011bhu p\u0159\u00ed\u0161t\u00edho roku dostali ob\u010dan\u00e9 k\u00a0dispozici i&nbsp;dal\u0161\u00ed byty, jejich\u017e rekonstrukce je nutn\u00e9 prov\u00e9st spolu s\u00a0v\u011bt\u0161\u00edmi pl\u00e1novan\u00fdmi opravami in\u017een\u00fdrsk\u00fdch s\u00edt\u00ed. Projektov\u00e9 dokumentace pro vyhl\u00e1\u0161en\u00ed ve\u0159ejn\u00fdch zak\u00e1zek m\u00e1me ji\u017e\u00a0p\u0159ipraven\u00e9,\u201c doplnil m\u00edstostarosta Mare\u0161.<\/p>\r\n<p>\u00a0<br \/>\r\n Na rekonstrukce zch\u00e1tral\u00fdch byt\u016f se Praze 7 poda\u0159ilo z\u00edskat tak\u00e9 dotace z\u00a0EU fond\u016f, Opera\u010dn\u00edho programu Praha P\u00f3l r\u016fstu p\u0159esahuj\u00edc\u00ed 3,3 mil. korun a&nbsp;o&nbsp;dal\u0161\u00ed miliony m\u00e1 m\u011bstsk\u00e1 \u010d\u00e1st ji\u017e\u00a0po\u017e\u00e1d\u00e1no. Ve \u010dtvrtek 30.&nbsp;11.&nbsp;schv\u00e1lilo Zastupitelstvo hl. m. Prahy ud\u011blen\u00ed dotace m\u011bstsk\u00e9 \u010d\u00e1sti ve v\u00fd\u0161i 28,9 mil. K\u010d na rekonstrukci neob\u00fdvan\u00e9ho domu v\u00a0ul. Dobrovsk\u00e9ho 19.<\/p>\r\n<p>V\u00edce informac\u00ed o&nbsp;p\u0159ipravovan\u00e9 rekonstrukci tohoto domu se do\u010dtete zde:<\/p>","protected":false},"excerpt":{"rendered":"[perex] Sedm\u00e1 m\u011bstsk\u00e1 \u010d\u00e1st si z\u00a0minul\u00fdch volebn\u00edch obdob\u00ed nesla d\u011bdictv\u00ed v\u00edce ne\u017e 110 nepronajat\u00fdch byt\u016f ve \u0161patn\u00e9m technick\u00e9m stavu. Sou\u010dasn\u00e9mu veden\u00ed se ji\u017e v\u00edce ne\u017e polovinu z\u00a0nich poda\u0159ilo zrekonstruovat a&nbsp;poskytnout ob\u010dan\u016fm. [\/perex] \u201eOd n\u00e1stupu na radnici se sna\u017e\u00edme pom\u00e1hat ob\u010dan\u016fm, kte\u0159\u00ed se dostali do nep\u0159\u00edzniv\u00e9 bytov\u00e9 situace. M\u011bstsk\u00e1 \u010d\u00e1st m\u00e1 k\u00a0dispozici jen velmi omezen\u00fd po\u010det [&hellip;]","protected":false},"author":4,"featured_media":11155,"comment_status":"open","ping_status":"open","sticky":false,"template":"","format":"standard","meta":[],"categories":[34],"tags":[],"_links":{"self":[{"href":"https:\/\/www.praha7.cz\/api\/wp\/v2\/posts\/11154"}],"collection":[{"href":"https:\/\/www.praha7.cz\/api\/wp\/v2\/posts"}],"about":[{"href":"https:\/\/www.praha7.cz\/api\/wp\/v2\/types\/post"}],"author":[{"embeddable":true,"href":"https:\/\/www.praha7.cz\/api\/wp\/v2\/users\/4"}],"replies":[{"embeddable":true,"href":"https:\/\/www.praha7.cz\/api\/wp\/v2\/comments?post=11154"}],"version-history":[{"count":2,"href":"https:\/\/www.praha7.cz\/api\/wp\/v2\/posts\/11154\/revisions"}],"predecessor-version":[{"id":11161,"href":"https:\/\/www.praha7.cz\/api\/wp\/v2\/posts\/11154\/revisions\/11161"}],"wp:featuredmedia":[{"embeddable":true,"href":"https:\/\/www.praha7.cz\/api\/wp\/v2\/media\/11155"}],"wp:attachment":[{"href":"https:\/\/www.praha7.cz\/api\/wp\/v2\/media?parent=11154"}],"wp:term":[{"taxonomy":"category","embeddable":true,"href":"https:\/\/www.praha7.cz\/api\/wp\/v2\/categories?post=11154"},{"taxonomy":"post_tag","embeddable":true,"href":"https:\/\/www.praha7.cz\/api\/wp\/v2\/tags?post=11154"}],"curies":[{"name":"wp","href":"https:\/\/api.w.org\/{rel}","templated":true}]}}